
{"id":47777,"date":"2015-03-22T18:40:48","date_gmt":"2015-03-22T21:40:48","guid":{"rendered":"http:\/\/www.sudoestehoje.com.br\/novoportal\/?p=47777"},"modified":"2015-03-22T19:01:22","modified_gmt":"2015-03-22T22:01:22","slug":"morre-no-rio-o-ator-claudio-marzo","status":"publish","type":"post","link":"https:\/\/www.sudoestehoje.com.br\/novoportal\/2015\/03\/22\/morre-no-rio-o-ator-claudio-marzo\/","title":{"rendered":"MORRE NO RIO O ATOR CLAUDIO MARZO"},"content":{"rendered":"<p><a href=\"http:\/\/www.sudoestehoje.com.br\/novoportal\/wp-content\/uploads\/2015\/03\/claudio-Marzo.png\"><img loading=\"lazy\" decoding=\"async\" class=\"aligncenter size-medium wp-image-47779\" src=\"http:\/\/www.sudoestehoje.com.br\/novoportal\/wp-content\/uploads\/2015\/03\/claudio-Marzo-500x400.png\" alt=\"claudio Marzo\" width=\"500\" height=\"400\" srcset=\"https:\/\/www.sudoestehoje.com.br\/novoportal\/wp-content\/uploads\/2015\/03\/claudio-Marzo-500x400.png 500w, https:\/\/www.sudoestehoje.com.br\/novoportal\/wp-content\/uploads\/2015\/03\/claudio-Marzo-150x120.png 150w, https:\/\/www.sudoestehoje.com.br\/novoportal\/wp-content\/uploads\/2015\/03\/claudio-Marzo.png 630w\" sizes=\"auto, (max-width: 500px) 100vw, 500px\" \/><\/a><\/p>\n<p>O ator Cl\u00e1udio Marzo, de 74 anos, morreu \u00e0s 5h39 deste domingo (22) na Cl\u00ednica S\u00e3o Vicente, na G\u00e1vea, Zona Sul do Rio. Segundo a assessoria da unidade, ele estava internado no Centro de Tratamento Intensivo (CTI) com quadro de pneumonia desde o dia 4 de mar\u00e7o.<\/p>\n<p>Ainda n\u00e3o h\u00e1 informa\u00e7\u00f5es sobre onde o vel\u00f3rio ser\u00e1 realizado. Segundo a assessoria do hospital, Marzo tinha o desejo de ser cremado. A fam\u00edlia aguarda a chegada de um dos filhos que mora na Austr\u00e1lia.<\/p>\n<p><img decoding=\"async\" class=\"aligncenter\" src=\"http:\/\/www.sudoestehoje.com.br\/novoportal\/wp-content\/uploads\/2014\/12\/Banner-Casabella-500x104.jpg\" alt=\"Banner Casabella\" \/><\/p>\n","protected":false},"excerpt":{"rendered":"<p>O ator Cl\u00e1udio Marzo, de 74 anos, morreu \u00e0s 5h39 deste domingo (22) na Cl\u00ednica S\u00e3o Vicente, na G\u00e1vea, Zona Sul do Rio. Segundo a assessoria da unidade, ele estava internado no Centro de Tratamento Intensivo (CTI) com quadro de pneumonia desde o dia 4 de mar\u00e7o. Ainda n\u00e3o h\u00e1 informa\u00e7\u00f5es sobre onde o vel\u00f3rio [&hellip;]<\/p>\n","protected":false},"author":2,"featured_media":0,"comment_status":"open","ping_status":"open","sticky":false,"template":"","format":"standard","meta":{"footnotes":"","_links_to":"","_links_to_target":""},"categories":[1],"tags":[],"class_list":["post-47777","post","type-post","status-publish","format-standard","hentry","category-geral"],"views":1668,"_links":{"self":[{"href":"https:\/\/www.sudoestehoje.com.br\/novoportal\/wp-json\/wp\/v2\/posts\/47777","targetHints":{"allow":["GET"]}}],"collection":[{"href":"https:\/\/www.sudoestehoje.com.br\/novoportal\/wp-json\/wp\/v2\/posts"}],"about":[{"href":"https:\/\/www.sudoestehoje.com.br\/novoportal\/wp-json\/wp\/v2\/types\/post"}],"author":[{"embeddable":true,"href":"https:\/\/www.sudoestehoje.com.br\/novoportal\/wp-json\/wp\/v2\/users\/2"}],"replies":[{"embeddable":true,"href":"https:\/\/www.sudoestehoje.com.br\/novoportal\/wp-json\/wp\/v2\/comments?post=47777"}],"version-history":[{"count":3,"href":"https:\/\/www.sudoestehoje.com.br\/novoportal\/wp-json\/wp\/v2\/posts\/47777\/revisions"}],"predecessor-version":[{"id":47786,"href":"https:\/\/www.sudoestehoje.com.br\/novoportal\/wp-json\/wp\/v2\/posts\/47777\/revisions\/47786"}],"wp:attachment":[{"href":"https:\/\/www.sudoestehoje.com.br\/novoportal\/wp-json\/wp\/v2\/media?parent=47777"}],"wp:term":[{"taxonomy":"category","embeddable":true,"href":"https:\/\/www.sudoestehoje.com.br\/novoportal\/wp-json\/wp\/v2\/categories?post=47777"},{"taxonomy":"post_tag","embeddable":true,"href":"https:\/\/www.sudoestehoje.com.br\/novoportal\/wp-json\/wp\/v2\/tags?post=47777"}],"curies":[{"name":"wp","href":"https:\/\/api.w.org\/{rel}","templated":true}]}}