
{"id":47766,"date":"2015-03-21T22:31:23","date_gmt":"2015-03-22T01:31:23","guid":{"rendered":"http:\/\/www.sudoestehoje.com.br\/novoportal\/?p=47766"},"modified":"2015-03-21T22:37:50","modified_gmt":"2015-03-22T01:37:50","slug":"vitoria-perde-para-o-colo-colo-e-se-despede-do-baianao-2015","status":"publish","type":"post","link":"https:\/\/www.sudoestehoje.com.br\/novoportal\/2015\/03\/21\/vitoria-perde-para-o-colo-colo-e-se-despede-do-baianao-2015\/","title":{"rendered":"VIT\u00d3RIA PERDE PARA O COLO-COLO E SE DESPEDE DO BAIAN\u00c3O 2015"},"content":{"rendered":"<p class=\"text\"><a href=\"http:\/\/www.sudoestehoje.com.br\/novoportal\/wp-content\/uploads\/2015\/03\/VI-COLO.jpg\"><img loading=\"lazy\" decoding=\"async\" class=\"aligncenter size-medium wp-image-47767\" src=\"http:\/\/www.sudoestehoje.com.br\/novoportal\/wp-content\/uploads\/2015\/03\/VI-COLO-500x334.jpg\" alt=\"VI COLO\" width=\"500\" height=\"334\" srcset=\"https:\/\/www.sudoestehoje.com.br\/novoportal\/wp-content\/uploads\/2015\/03\/VI-COLO-500x334.jpg 500w, https:\/\/www.sudoestehoje.com.br\/novoportal\/wp-content\/uploads\/2015\/03\/VI-COLO-700x467.jpg 700w, https:\/\/www.sudoestehoje.com.br\/novoportal\/wp-content\/uploads\/2015\/03\/VI-COLO-150x100.jpg 150w, https:\/\/www.sudoestehoje.com.br\/novoportal\/wp-content\/uploads\/2015\/03\/VI-COLO.jpg 940w\" sizes=\"auto, (max-width: 500px) 100vw, 500px\" \/><\/a><\/p>\n<p class=\"text\">Neste s\u00e1bado, o Vit\u00f3ria viveu drama no Barrad\u00e3o semelhante ao de 2006. O clube n\u00e3o conseguiu segurar o Colo Colo, assim como na final ocorrida h\u00e1 nove anos, e acabou derrotado por 2 a 0, em partida de volta das quartas de final do Campeonato Estadual. Os gols foram de Jussimar e Jackson.<\/p>\n<p class=\"text\">Os donos da casa entraram em campo com vantagem,<strong><a href=\"http:\/\/esportes.terra.com.br\/bahia\/bahia-bate-galicia-e-poe-pe-na-semi-vitoria-vence-colo-colo,bb7ee34c21f1c410VgnCLD200000b1bf46d0RCRD.html\" target=\"_blank\"> ap\u00f3s triunfo por 2 a 1 no jogo de ida. <\/a><\/strong>Por\u00e9m, foram surpreendidos pelo Colo Colo, que garantiu sua vaga nas semifinais, fase em que encara o vencedor do confronto entre Vit\u00f3ria da Conquista e Bahia de Feira.<\/p>\n<p class=\"text\">No outro grupo, o Bahia enfrenta o Gal\u00edcia neste domingo, praticamente classificado, depois de vencer a equipe azulina por 5 a 0 na partida de ida.<\/p>\n<p class=\"text\"><img loading=\"lazy\" decoding=\"async\" class=\" aligncenter\" src=\"http:\/\/2.bp.blogspot.com\/-70-eOs__L20\/VPCyusPhXRI\/AAAAAAAACAQ\/KHorKekdACs\/s640\/tarug%C3%A3o1.jpg\" alt=\"\" width=\"501\" height=\"141\" \/><\/p>\n","protected":false},"excerpt":{"rendered":"<p>Neste s\u00e1bado, o Vit\u00f3ria viveu drama no Barrad\u00e3o semelhante ao de 2006. O clube n\u00e3o conseguiu segurar o Colo Colo, assim como na final ocorrida h\u00e1 nove anos, e acabou derrotado por 2 a 0, em partida de volta das quartas de final do Campeonato Estadual. Os gols foram de Jussimar e Jackson. Os donos [&hellip;]<\/p>\n","protected":false},"author":2,"featured_media":0,"comment_status":"open","ping_status":"open","sticky":false,"template":"","format":"standard","meta":{"footnotes":"","_links_to":"","_links_to_target":""},"categories":[1],"tags":[],"class_list":["post-47766","post","type-post","status-publish","format-standard","hentry","category-geral"],"views":1453,"_links":{"self":[{"href":"https:\/\/www.sudoestehoje.com.br\/novoportal\/wp-json\/wp\/v2\/posts\/47766","targetHints":{"allow":["GET"]}}],"collection":[{"href":"https:\/\/www.sudoestehoje.com.br\/novoportal\/wp-json\/wp\/v2\/posts"}],"about":[{"href":"https:\/\/www.sudoestehoje.com.br\/novoportal\/wp-json\/wp\/v2\/types\/post"}],"author":[{"embeddable":true,"href":"https:\/\/www.sudoestehoje.com.br\/novoportal\/wp-json\/wp\/v2\/users\/2"}],"replies":[{"embeddable":true,"href":"https:\/\/www.sudoestehoje.com.br\/novoportal\/wp-json\/wp\/v2\/comments?post=47766"}],"version-history":[{"count":4,"href":"https:\/\/www.sudoestehoje.com.br\/novoportal\/wp-json\/wp\/v2\/posts\/47766\/revisions"}],"predecessor-version":[{"id":47771,"href":"https:\/\/www.sudoestehoje.com.br\/novoportal\/wp-json\/wp\/v2\/posts\/47766\/revisions\/47771"}],"wp:attachment":[{"href":"https:\/\/www.sudoestehoje.com.br\/novoportal\/wp-json\/wp\/v2\/media?parent=47766"}],"wp:term":[{"taxonomy":"category","embeddable":true,"href":"https:\/\/www.sudoestehoje.com.br\/novoportal\/wp-json\/wp\/v2\/categories?post=47766"},{"taxonomy":"post_tag","embeddable":true,"href":"https:\/\/www.sudoestehoje.com.br\/novoportal\/wp-json\/wp\/v2\/tags?post=47766"}],"curies":[{"name":"wp","href":"https:\/\/api.w.org\/{rel}","templated":true}]}}