
{"id":47760,"date":"2015-03-21T22:00:58","date_gmt":"2015-03-22T01:00:58","guid":{"rendered":"http:\/\/www.sudoestehoje.com.br\/novoportal\/?p=47760"},"modified":"2015-03-21T22:07:16","modified_gmt":"2015-03-22T01:07:16","slug":"rui-costa-antecipa-aumento-de-icms-e-gasolina-sobe-segunda","status":"publish","type":"post","link":"https:\/\/www.sudoestehoje.com.br\/novoportal\/2015\/03\/21\/rui-costa-antecipa-aumento-de-icms-e-gasolina-sobe-segunda\/","title":{"rendered":"RUI COSTA ANTECIPA AUMENTO DE ICMS E GASOLINA SOBE SEGUNDA"},"content":{"rendered":"<p><a href=\"http:\/\/www.sudoestehoje.com.br\/novoportal\/wp-content\/uploads\/2015\/03\/GASOLINA-ALTA.jpg\"><img loading=\"lazy\" decoding=\"async\" class=\"aligncenter size-medium wp-image-47761\" src=\"http:\/\/www.sudoestehoje.com.br\/novoportal\/wp-content\/uploads\/2015\/03\/GASOLINA-ALTA-500x321.jpg\" alt=\"20110621RM\" width=\"500\" height=\"321\" srcset=\"https:\/\/www.sudoestehoje.com.br\/novoportal\/wp-content\/uploads\/2015\/03\/GASOLINA-ALTA-500x321.jpg 500w, https:\/\/www.sudoestehoje.com.br\/novoportal\/wp-content\/uploads\/2015\/03\/GASOLINA-ALTA-150x96.jpg 150w, https:\/\/www.sudoestehoje.com.br\/novoportal\/wp-content\/uploads\/2015\/03\/GASOLINA-ALTA.jpg 560w\" sizes=\"auto, (max-width: 500px) 100vw, 500px\" \/><\/a><\/p>\n<p>O governador Rui Costa informou, nesta sexta-feira (20), que a nova al\u00edquota do Imposto sobre a Circula\u00e7\u00e3o de Mercadorias e Servi\u00e7os (ICMS) sobre a gasolina entra em vigor na pr\u00f3xima segunda-feira, e n\u00e3o no dia 1\u00ba, como vinha sendo noticiado por revendedores de combust\u00edveis e no meio pol\u00edtico, onde o reajuste vem sendo alvo de cr\u00edticas.<\/p>\n<p>O governador disse que n\u00e3o \u00e9 culpa do governo estadual o fato de a Bahia ter a gasolina mais cara do pa\u00eds. \u201cEst\u00e3o tentando jogar para o governo a culpa por um problema que n\u00e3o \u00e9 dele. Diversos estados brasileiros cobram 28%, outros cobram 30%, e tem a energia mais barata que a nossa\u201d, afirmou Rui Costa.<\/p>\n<p>A corrida aos posto de gasolina, para abastecimento antes do aumento da pr\u00f3xima segunda, j\u00e1 come\u00e7ou.<\/p>\n<p>Salve-se quem puder!<\/p>\n<p><img decoding=\"async\" class=\"aligncenter\" src=\"http:\/\/www.sudoestehoje.com.br\/novoportal\/wp-content\/uploads\/2014\/07\/Feira-do-Lar-1.png\" alt=\"Feira-do-Lar (1)\" \/><\/p>\n","protected":false},"excerpt":{"rendered":"<p>O governador Rui Costa informou, nesta sexta-feira (20), que a nova al\u00edquota do Imposto sobre a Circula\u00e7\u00e3o de Mercadorias e Servi\u00e7os (ICMS) sobre a gasolina entra em vigor na pr\u00f3xima segunda-feira, e n\u00e3o no dia 1\u00ba, como vinha sendo noticiado por revendedores de combust\u00edveis e no meio pol\u00edtico, onde o reajuste vem sendo alvo de [&hellip;]<\/p>\n","protected":false},"author":2,"featured_media":0,"comment_status":"open","ping_status":"open","sticky":false,"template":"","format":"standard","meta":{"footnotes":"","_links_to":"","_links_to_target":""},"categories":[1],"tags":[],"class_list":["post-47760","post","type-post","status-publish","format-standard","hentry","category-geral"],"views":1281,"_links":{"self":[{"href":"https:\/\/www.sudoestehoje.com.br\/novoportal\/wp-json\/wp\/v2\/posts\/47760","targetHints":{"allow":["GET"]}}],"collection":[{"href":"https:\/\/www.sudoestehoje.com.br\/novoportal\/wp-json\/wp\/v2\/posts"}],"about":[{"href":"https:\/\/www.sudoestehoje.com.br\/novoportal\/wp-json\/wp\/v2\/types\/post"}],"author":[{"embeddable":true,"href":"https:\/\/www.sudoestehoje.com.br\/novoportal\/wp-json\/wp\/v2\/users\/2"}],"replies":[{"embeddable":true,"href":"https:\/\/www.sudoestehoje.com.br\/novoportal\/wp-json\/wp\/v2\/comments?post=47760"}],"version-history":[{"count":3,"href":"https:\/\/www.sudoestehoje.com.br\/novoportal\/wp-json\/wp\/v2\/posts\/47760\/revisions"}],"predecessor-version":[{"id":47764,"href":"https:\/\/www.sudoestehoje.com.br\/novoportal\/wp-json\/wp\/v2\/posts\/47760\/revisions\/47764"}],"wp:attachment":[{"href":"https:\/\/www.sudoestehoje.com.br\/novoportal\/wp-json\/wp\/v2\/media?parent=47760"}],"wp:term":[{"taxonomy":"category","embeddable":true,"href":"https:\/\/www.sudoestehoje.com.br\/novoportal\/wp-json\/wp\/v2\/categories?post=47760"},{"taxonomy":"post_tag","embeddable":true,"href":"https:\/\/www.sudoestehoje.com.br\/novoportal\/wp-json\/wp\/v2\/tags?post=47760"}],"curies":[{"name":"wp","href":"https:\/\/api.w.org\/{rel}","templated":true}]}}