
{"id":4775,"date":"2011-05-06T11:23:24","date_gmt":"2011-05-06T14:23:24","guid":{"rendered":"http:\/\/www.sudoestehoje.com.br\/novoportal\/?p=4775"},"modified":"2011-05-06T11:23:24","modified_gmt":"2011-05-06T14:23:24","slug":"solla-so-fala-o-que-quer-e-nada-responde","status":"publish","type":"post","link":"https:\/\/www.sudoestehoje.com.br\/novoportal\/2011\/05\/06\/solla-so-fala-o-que-quer-e-nada-responde\/","title":{"rendered":"SOLLA S\u00d3 FALA O QUE QUER E NADA RESPONDE"},"content":{"rendered":"<p style=\"text-align: center;\"><img decoding=\"async\" class=\"aligncenter\" src=\"http:\/\/www.abahianews.com.br\/wp-content\/uploads\/2011\/03\/jorge-solla.jpg\" alt=\"\" \/><\/p>\n<p style=\"text-align: center;\"><em><strong>Sola fala, fala e n\u00e3o responde a nenhuma pergunta<\/strong><\/em><\/p>\n<p>\u00a0<\/p>\n<p>Virou definitivamente piada a forma como o secret\u00e1rio estadual de Sa\u00fade, Jorge Solla, \u00e0s voltas neste momento com uma greve dos servidores de sa\u00fade do Estado, concede entrevistas. Sem constrangimento algum, invariavelmente, assim que surge a oportunidade, Solla assume o controle do microfone e fala sem parar desconsiderando qualquer pergunta ou tentativa de intera\u00e7\u00e3o, quer por parte de quem o entrevista ou de algum ouvinte ou telespectador. Uma mostra da performance do secret\u00e1rio pode ser vista durante uma entrevista que concedeu ontem \u00e0 TV Bahia, na qual n\u00e3o deu uma oportunidade de a rep\u00f3rter lhe fazer uma pergunta sequer.<\/p>\n<p>O estilo do secret\u00e1rio chegou a merecer um coment\u00e1rio irado do radialista M\u00e1rio Kert\u00e9sz, da Metr\u00f3pole, na manh\u00e3 de hoje. Ao comentar a passagem de Solla pela TV Bahia ontem, o radialista o chamou de \u201cmal-educado\u201d e seu estilo de \u201cinagual\u00e1vel\u201d. Tamb\u00e9m revelou que da \u00faltima vez em que Solla foi entrevistado na r\u00e1dio mandou que a entrevista fosse encerrada antes do previsto e que teria determinado a suspens\u00e3o de qualquer convite ao secret\u00e1rio para falar. Dessa forma, fica dif\u00edcil n\u00e3o dar cr\u00e9dito \u00e0s cr\u00edticas de que o secret\u00e1rio de Sa\u00fade \u00e9 o campe\u00e3o de arrog\u00e2ncia no governo Jaques Wagner.<\/p>\n<p><em><strong>Pol\u00edtica Livre<\/strong><\/em><\/p>\n","protected":false},"excerpt":{"rendered":"<p>Sola fala, fala e n\u00e3o responde a nenhuma pergunta \u00a0 Virou definitivamente piada a forma como o secret\u00e1rio estadual de Sa\u00fade, Jorge Solla, \u00e0s voltas neste momento com uma greve dos servidores de sa\u00fade do Estado, concede entrevistas. Sem constrangimento algum, invariavelmente, assim que surge a oportunidade, Solla assume o controle do microfone e fala [&hellip;]<\/p>\n","protected":false},"author":2,"featured_media":0,"comment_status":"open","ping_status":"open","sticky":false,"template":"","format":"standard","meta":{"footnotes":"","_links_to":"","_links_to_target":""},"categories":[1],"tags":[],"class_list":["post-4775","post","type-post","status-publish","format-standard","hentry","category-geral"],"views":1264,"_links":{"self":[{"href":"https:\/\/www.sudoestehoje.com.br\/novoportal\/wp-json\/wp\/v2\/posts\/4775","targetHints":{"allow":["GET"]}}],"collection":[{"href":"https:\/\/www.sudoestehoje.com.br\/novoportal\/wp-json\/wp\/v2\/posts"}],"about":[{"href":"https:\/\/www.sudoestehoje.com.br\/novoportal\/wp-json\/wp\/v2\/types\/post"}],"author":[{"embeddable":true,"href":"https:\/\/www.sudoestehoje.com.br\/novoportal\/wp-json\/wp\/v2\/users\/2"}],"replies":[{"embeddable":true,"href":"https:\/\/www.sudoestehoje.com.br\/novoportal\/wp-json\/wp\/v2\/comments?post=4775"}],"version-history":[{"count":3,"href":"https:\/\/www.sudoestehoje.com.br\/novoportal\/wp-json\/wp\/v2\/posts\/4775\/revisions"}],"predecessor-version":[{"id":4778,"href":"https:\/\/www.sudoestehoje.com.br\/novoportal\/wp-json\/wp\/v2\/posts\/4775\/revisions\/4778"}],"wp:attachment":[{"href":"https:\/\/www.sudoestehoje.com.br\/novoportal\/wp-json\/wp\/v2\/media?parent=4775"}],"wp:term":[{"taxonomy":"category","embeddable":true,"href":"https:\/\/www.sudoestehoje.com.br\/novoportal\/wp-json\/wp\/v2\/categories?post=4775"},{"taxonomy":"post_tag","embeddable":true,"href":"https:\/\/www.sudoestehoje.com.br\/novoportal\/wp-json\/wp\/v2\/tags?post=4775"}],"curies":[{"name":"wp","href":"https:\/\/api.w.org\/{rel}","templated":true}]}}