
{"id":47746,"date":"2015-03-21T08:17:05","date_gmt":"2015-03-21T11:17:05","guid":{"rendered":"http:\/\/www.sudoestehoje.com.br\/novoportal\/?p=47746"},"modified":"2015-03-21T20:29:22","modified_gmt":"2015-03-21T23:29:22","slug":"fjs-realiza-i-seminario-de-esporte-adaptado-com-enfase-em-karate","status":"publish","type":"post","link":"https:\/\/www.sudoestehoje.com.br\/novoportal\/2015\/03\/21\/fjs-realiza-i-seminario-de-esporte-adaptado-com-enfase-em-karate\/","title":{"rendered":"FJS REALIZA I SEMIN\u00c1RIO DE ESPORTE ADAPTADO COM \u00caNFASE EM KARAT\u00ca"},"content":{"rendered":"<p><a href=\"http:\/\/www.sudoestehoje.com.br\/novoportal\/wp-content\/uploads\/2015\/03\/fachada-IBR-300x185.jpg\"><img loading=\"lazy\" decoding=\"async\" class=\"aligncenter  wp-image-47747\" src=\"http:\/\/www.sudoestehoje.com.br\/novoportal\/wp-content\/uploads\/2015\/03\/fachada-IBR-300x185.jpg\" alt=\"fachada-IBR-300x185\" width=\"499\" height=\"308\" srcset=\"https:\/\/www.sudoestehoje.com.br\/novoportal\/wp-content\/uploads\/2015\/03\/fachada-IBR-300x185.jpg 300w, https:\/\/www.sudoestehoje.com.br\/novoportal\/wp-content\/uploads\/2015\/03\/fachada-IBR-300x185-150x93.jpg 150w\" sizes=\"auto, (max-width: 499px) 100vw, 499px\" \/><\/a><\/p>\n<p>O Instituto Bahiano de Reabilita\u00e7\u00e3o (IBR), unidade da Funda\u00e7\u00e3o Jos\u00e9 Silveira (FJS), vai promover neste s\u00e1bado (21\/03) o I Semin\u00e1rio de Esporte Adaptado. O evento ir\u00e1 abordar a modalidade karat\u00ea dentro do tema \u201cEsporte Adaptado como Terapia Auxiliar ao Processo de Reabilita\u00e7\u00e3o\u201d.<\/p>\n<p>Desde 2009, o IBR utiliza o esporte como instrumento auxiliar \u00e0 reabilita\u00e7\u00e3o de pessoas com defici\u00eancia neuromotoras e intelectuais. Dentre as modalidades oferecidas est\u00e3o karat\u00ea, t\u00eanis e basquete. A iniciativa incentiva e valoriza o paradesporto, al\u00e9m de proporcionar uma s\u00e9rie de benef\u00edcios, como a inclus\u00e3o social, o exerc\u00edcio da cidadania, o lazer e a melhoria das condi\u00e7\u00f5es f\u00edsicas e da autoestima.<\/p>\n<p><img decoding=\"async\" class=\"aligncenter\" src=\"http:\/\/img.blogdoanderson.com\/publicidade\/cristo-redentor-02-15.jpg\" alt=\"\" \/><\/p>\n","protected":false},"excerpt":{"rendered":"<p>O Instituto Bahiano de Reabilita\u00e7\u00e3o (IBR), unidade da Funda\u00e7\u00e3o Jos\u00e9 Silveira (FJS), vai promover neste s\u00e1bado (21\/03) o I Semin\u00e1rio de Esporte Adaptado. O evento ir\u00e1 abordar a modalidade karat\u00ea dentro do tema \u201cEsporte Adaptado como Terapia Auxiliar ao Processo de Reabilita\u00e7\u00e3o\u201d. Desde 2009, o IBR utiliza o esporte como instrumento auxiliar \u00e0 reabilita\u00e7\u00e3o de [&hellip;]<\/p>\n","protected":false},"author":2,"featured_media":0,"comment_status":"open","ping_status":"open","sticky":false,"template":"","format":"standard","meta":{"footnotes":"","_links_to":"","_links_to_target":""},"categories":[1],"tags":[],"class_list":["post-47746","post","type-post","status-publish","format-standard","hentry","category-geral"],"views":1251,"_links":{"self":[{"href":"https:\/\/www.sudoestehoje.com.br\/novoportal\/wp-json\/wp\/v2\/posts\/47746","targetHints":{"allow":["GET"]}}],"collection":[{"href":"https:\/\/www.sudoestehoje.com.br\/novoportal\/wp-json\/wp\/v2\/posts"}],"about":[{"href":"https:\/\/www.sudoestehoje.com.br\/novoportal\/wp-json\/wp\/v2\/types\/post"}],"author":[{"embeddable":true,"href":"https:\/\/www.sudoestehoje.com.br\/novoportal\/wp-json\/wp\/v2\/users\/2"}],"replies":[{"embeddable":true,"href":"https:\/\/www.sudoestehoje.com.br\/novoportal\/wp-json\/wp\/v2\/comments?post=47746"}],"version-history":[{"count":3,"href":"https:\/\/www.sudoestehoje.com.br\/novoportal\/wp-json\/wp\/v2\/posts\/47746\/revisions"}],"predecessor-version":[{"id":47751,"href":"https:\/\/www.sudoestehoje.com.br\/novoportal\/wp-json\/wp\/v2\/posts\/47746\/revisions\/47751"}],"wp:attachment":[{"href":"https:\/\/www.sudoestehoje.com.br\/novoportal\/wp-json\/wp\/v2\/media?parent=47746"}],"wp:term":[{"taxonomy":"category","embeddable":true,"href":"https:\/\/www.sudoestehoje.com.br\/novoportal\/wp-json\/wp\/v2\/categories?post=47746"},{"taxonomy":"post_tag","embeddable":true,"href":"https:\/\/www.sudoestehoje.com.br\/novoportal\/wp-json\/wp\/v2\/tags?post=47746"}],"curies":[{"name":"wp","href":"https:\/\/api.w.org\/{rel}","templated":true}]}}