
{"id":47737,"date":"2015-03-21T19:39:39","date_gmt":"2015-03-21T22:39:39","guid":{"rendered":"http:\/\/www.sudoestehoje.com.br\/novoportal\/?p=47737"},"modified":"2015-03-21T20:32:41","modified_gmt":"2015-03-21T23:32:41","slug":"a-sociedade-corrupta-e-uma-porcaria-revolta-se-papa-francisco-em-discurso","status":"publish","type":"post","link":"https:\/\/www.sudoestehoje.com.br\/novoportal\/2015\/03\/21\/a-sociedade-corrupta-e-uma-porcaria-revolta-se-papa-francisco-em-discurso\/","title":{"rendered":"&#8220;A SOCIEDADE CORRUPTA \u00c9 UMA PORCARIA&#8221;, REVOLTA-SE PAPA FRANCISCO"},"content":{"rendered":"<p><a href=\"http:\/\/www.sudoestehoje.com.br\/novoportal\/wp-content\/uploads\/2015\/03\/PAPA.jpg\"><img loading=\"lazy\" decoding=\"async\" class=\"aligncenter size-medium wp-image-47739\" src=\"http:\/\/www.sudoestehoje.com.br\/novoportal\/wp-content\/uploads\/2015\/03\/PAPA-500x306.jpg\" alt=\"PAPA\" width=\"500\" height=\"306\" srcset=\"https:\/\/www.sudoestehoje.com.br\/novoportal\/wp-content\/uploads\/2015\/03\/PAPA.jpg 500w, https:\/\/www.sudoestehoje.com.br\/novoportal\/wp-content\/uploads\/2015\/03\/PAPA-150x92.jpg 150w\" sizes=\"auto, (max-width: 500px) 100vw, 500px\" \/><\/a><\/p>\n<p>O Papa Francisco demonstrou revolta com a corrup\u00e7\u00e3o mundial durante o discurso deste s\u00e1bado (21), no Vaticano. Em um dos seus serm\u00f5es mais duros, o pont\u00edfice afirmou que &#8220;a corrup\u00e7\u00e3o \u00e9 suja&#8221;, que &#8220;uma sociedade corrupta \u00e9 uma porcaria&#8221;, e que aquele que permite a corrup\u00e7\u00e3o n\u00e3o \u00e9 crist\u00e3o e tamb\u00e9m &#8220;fede&#8221;. &#8220;Quanta corrup\u00e7\u00e3o h\u00e1 no mundo. (&#8230;) A corrup\u00e7\u00e3o \u00e9 suja e a sociedade corrupta \u00e9 uma porcaria. Um cidad\u00e3o que deixa que a corrup\u00e7\u00e3o o invada n\u00e3o \u00e9 crist\u00e3o!&#8221;, afirmou.<\/p>\n<p><img decoding=\"async\" class=\"aligncenter\" src=\"http:\/\/www.sudoestehoje.com.br\/novoportal\/wp-content\/uploads\/2015\/02\/NOVO-BANNER-COOLEITE-500x250.jpg\" alt=\"NOVO BANNER COOLEITE\" \/><\/p>\n","protected":false},"excerpt":{"rendered":"<p>O Papa Francisco demonstrou revolta com a corrup\u00e7\u00e3o mundial durante o discurso deste s\u00e1bado (21), no Vaticano. Em um dos seus serm\u00f5es mais duros, o pont\u00edfice afirmou que &#8220;a corrup\u00e7\u00e3o \u00e9 suja&#8221;, que &#8220;uma sociedade corrupta \u00e9 uma porcaria&#8221;, e que aquele que permite a corrup\u00e7\u00e3o n\u00e3o \u00e9 crist\u00e3o e tamb\u00e9m &#8220;fede&#8221;. &#8220;Quanta corrup\u00e7\u00e3o h\u00e1 [&hellip;]<\/p>\n","protected":false},"author":2,"featured_media":0,"comment_status":"open","ping_status":"open","sticky":false,"template":"","format":"standard","meta":{"footnotes":"","_links_to":"","_links_to_target":""},"categories":[1],"tags":[],"class_list":["post-47737","post","type-post","status-publish","format-standard","hentry","category-geral"],"views":1101,"_links":{"self":[{"href":"https:\/\/www.sudoestehoje.com.br\/novoportal\/wp-json\/wp\/v2\/posts\/47737","targetHints":{"allow":["GET"]}}],"collection":[{"href":"https:\/\/www.sudoestehoje.com.br\/novoportal\/wp-json\/wp\/v2\/posts"}],"about":[{"href":"https:\/\/www.sudoestehoje.com.br\/novoportal\/wp-json\/wp\/v2\/types\/post"}],"author":[{"embeddable":true,"href":"https:\/\/www.sudoestehoje.com.br\/novoportal\/wp-json\/wp\/v2\/users\/2"}],"replies":[{"embeddable":true,"href":"https:\/\/www.sudoestehoje.com.br\/novoportal\/wp-json\/wp\/v2\/comments?post=47737"}],"version-history":[{"count":5,"href":"https:\/\/www.sudoestehoje.com.br\/novoportal\/wp-json\/wp\/v2\/posts\/47737\/revisions"}],"predecessor-version":[{"id":47753,"href":"https:\/\/www.sudoestehoje.com.br\/novoportal\/wp-json\/wp\/v2\/posts\/47737\/revisions\/47753"}],"wp:attachment":[{"href":"https:\/\/www.sudoestehoje.com.br\/novoportal\/wp-json\/wp\/v2\/media?parent=47737"}],"wp:term":[{"taxonomy":"category","embeddable":true,"href":"https:\/\/www.sudoestehoje.com.br\/novoportal\/wp-json\/wp\/v2\/categories?post=47737"},{"taxonomy":"post_tag","embeddable":true,"href":"https:\/\/www.sudoestehoje.com.br\/novoportal\/wp-json\/wp\/v2\/tags?post=47737"}],"curies":[{"name":"wp","href":"https:\/\/api.w.org\/{rel}","templated":true}]}}