
{"id":47734,"date":"2015-03-21T19:34:30","date_gmt":"2015-03-21T22:34:30","guid":{"rendered":"http:\/\/www.sudoestehoje.com.br\/novoportal\/?p=47734"},"modified":"2015-03-21T20:30:41","modified_gmt":"2015-03-21T23:30:41","slug":"senadora-marta-suplicy-vai-deixar-o-pt-e-se-filiar-ao-psb-ate-maio","status":"publish","type":"post","link":"https:\/\/www.sudoestehoje.com.br\/novoportal\/2015\/03\/21\/senadora-marta-suplicy-vai-deixar-o-pt-e-se-filiar-ao-psb-ate-maio\/","title":{"rendered":"SENADORA MARTA SUPLICY VAI DEIXAR O PT E SE FILIAR AO PSB AT\u00c9 MAIO"},"content":{"rendered":"<p><a href=\"http:\/\/www.sudoestehoje.com.br\/novoportal\/wp-content\/uploads\/2015\/03\/MARTA-S.jpg\"><img loading=\"lazy\" decoding=\"async\" class=\"aligncenter size-medium wp-image-47735\" src=\"http:\/\/www.sudoestehoje.com.br\/novoportal\/wp-content\/uploads\/2015\/03\/MARTA-S-500x306.jpg\" alt=\"MARTA S\" width=\"500\" height=\"306\" srcset=\"https:\/\/www.sudoestehoje.com.br\/novoportal\/wp-content\/uploads\/2015\/03\/MARTA-S.jpg 500w, https:\/\/www.sudoestehoje.com.br\/novoportal\/wp-content\/uploads\/2015\/03\/MARTA-S-150x92.jpg 150w\" sizes=\"auto, (max-width: 500px) 100vw, 500px\" \/><\/a><\/p>\n<p>A senadora Marta Suplicy est\u00e1 com os dias contados no Partidos dos Trabalhadores (PT). De acordo com a Folha de S. Paulo, avisou a c\u00fapula estadual do PSB que, visando disputar a prefeitura de S\u00e3o Paulo em 2016, pretende deixar o PT at\u00e9 maio.<\/p>\n<p>A poss\u00edvel candidatura de Marta est\u00e1 sendo articulado por seu namorado, o empres\u00e1rio M\u00e1rcio Toledo. Ainda de acordo com a publica\u00e7\u00e3o, a antecipa\u00e7\u00e3o da sa\u00edda do PT pretende dar mais tempo \u00e0 senadora para buscar apoio de siglas como PPS, PV e Solidariedade.<\/p>\n<p>Para continuar no PT, Marta coloca uma condi\u00e7\u00e3o de que o ex-presidente Luiz In\u00e1cio Lula da Silva garantisse \u00e0 ela a candidatura ao governo de S\u00e3o Paulo em 2018, o que \u00e9 considerado pouco prov\u00e1vel.<\/p>\n<p><img decoding=\"async\" class=\"aligncenter\" src=\"http:\/\/www.sudoestehoje.com.br\/novoportal\/wp-content\/uploads\/2014\/09\/supermoda.png\" alt=\"supermoda\" \/><\/p>\n","protected":false},"excerpt":{"rendered":"<p>A senadora Marta Suplicy est\u00e1 com os dias contados no Partidos dos Trabalhadores (PT). De acordo com a Folha de S. Paulo, avisou a c\u00fapula estadual do PSB que, visando disputar a prefeitura de S\u00e3o Paulo em 2016, pretende deixar o PT at\u00e9 maio. A poss\u00edvel candidatura de Marta est\u00e1 sendo articulado por seu namorado, [&hellip;]<\/p>\n","protected":false},"author":2,"featured_media":0,"comment_status":"open","ping_status":"open","sticky":false,"template":"","format":"standard","meta":{"footnotes":"","_links_to":"","_links_to_target":""},"categories":[1],"tags":[],"class_list":["post-47734","post","type-post","status-publish","format-standard","hentry","category-geral"],"views":2402,"_links":{"self":[{"href":"https:\/\/www.sudoestehoje.com.br\/novoportal\/wp-json\/wp\/v2\/posts\/47734","targetHints":{"allow":["GET"]}}],"collection":[{"href":"https:\/\/www.sudoestehoje.com.br\/novoportal\/wp-json\/wp\/v2\/posts"}],"about":[{"href":"https:\/\/www.sudoestehoje.com.br\/novoportal\/wp-json\/wp\/v2\/types\/post"}],"author":[{"embeddable":true,"href":"https:\/\/www.sudoestehoje.com.br\/novoportal\/wp-json\/wp\/v2\/users\/2"}],"replies":[{"embeddable":true,"href":"https:\/\/www.sudoestehoje.com.br\/novoportal\/wp-json\/wp\/v2\/comments?post=47734"}],"version-history":[{"count":2,"href":"https:\/\/www.sudoestehoje.com.br\/novoportal\/wp-json\/wp\/v2\/posts\/47734\/revisions"}],"predecessor-version":[{"id":47752,"href":"https:\/\/www.sudoestehoje.com.br\/novoportal\/wp-json\/wp\/v2\/posts\/47734\/revisions\/47752"}],"wp:attachment":[{"href":"https:\/\/www.sudoestehoje.com.br\/novoportal\/wp-json\/wp\/v2\/media?parent=47734"}],"wp:term":[{"taxonomy":"category","embeddable":true,"href":"https:\/\/www.sudoestehoje.com.br\/novoportal\/wp-json\/wp\/v2\/categories?post=47734"},{"taxonomy":"post_tag","embeddable":true,"href":"https:\/\/www.sudoestehoje.com.br\/novoportal\/wp-json\/wp\/v2\/tags?post=47734"}],"curies":[{"name":"wp","href":"https:\/\/api.w.org\/{rel}","templated":true}]}}