
{"id":47716,"date":"2015-03-20T20:16:33","date_gmt":"2015-03-20T23:16:33","guid":{"rendered":"http:\/\/www.sudoestehoje.com.br\/novoportal\/?p=47716"},"modified":"2015-03-21T19:00:04","modified_gmt":"2015-03-21T22:00:04","slug":"enfermeiro-acusado-de-6-estupros-na-regiao-se-diz-inocente","status":"publish","type":"post","link":"https:\/\/www.sudoestehoje.com.br\/novoportal\/2015\/03\/20\/enfermeiro-acusado-de-6-estupros-na-regiao-se-diz-inocente\/","title":{"rendered":"ENFERMEIRO ACUSADO DE 6 ESTUPROS NA REGI\u00c3O SE DIZ INOCENTE"},"content":{"rendered":"<p><a href=\"http:\/\/www.sudoestehoje.com.br\/novoportal\/wp-content\/uploads\/2015\/03\/enfermeiro.jpg\"><img loading=\"lazy\" decoding=\"async\" class=\"aligncenter  wp-image-47717\" src=\"http:\/\/www.sudoestehoje.com.br\/novoportal\/wp-content\/uploads\/2015\/03\/enfermeiro.jpg\" alt=\"enfermeiro\" width=\"451\" height=\"328\" srcset=\"https:\/\/www.sudoestehoje.com.br\/novoportal\/wp-content\/uploads\/2015\/03\/enfermeiro.jpg 403w, https:\/\/www.sudoestehoje.com.br\/novoportal\/wp-content\/uploads\/2015\/03\/enfermeiro-150x109.jpg 150w\" sizes=\"auto, (max-width: 451px) 100vw, 451px\" \/><\/a><\/p>\n<p>Repercutiu em todo o Estado <a title=\"enfermeiro\" href=\"http:\/\/www.blogdorodrigoferraz.com.br\/v1\/2015\/03\/19\/sudoeste-enfermeiro-preso-em-cordeiros-sedava-os-pacientes-para-praticar-os-estupros\/\"><strong>a pris\u00e3o do enfermeiro\u00a0Guilharde Moura Leite<\/strong><\/a>, acusado de estuprar pacientes em cidades da regi\u00e3o Sudoeste. Atualmente o profissional trabalhava na cidade de Cordeiros, distante 130 km de Vit\u00f3ria da Conquista.<\/p>\n<p>O profissional esteve na capital do Sudoeste baiano ap\u00f3s as in\u00fameras acusa\u00e7\u00f5es, onde foi recambiado.\u00a0Em entrevista ao rep\u00f3rter Daniel Silva, da TV Aratu, ele negou as acusa\u00e7\u00f5es: \u201cN\u00e3o confirmo, n\u00e3o\u201d.<\/p>\n<p>O delegado que est\u00e1 \u00e0 frente do caso n\u00e3o quis gravar entrevista, mas informou que a \u00faltima v\u00edtima do enfermeiro foi uma adolescente de 14 anos. Segundo a pol\u00edcia, o estupro aconteceu no dia 7 de mar\u00e7o, em Itarantim. O suspeito disse que conhece a adolescente e que era seduzido por ela. \u201cEla j\u00e1 tinha me abordado algumas vezes, mas eu nunca dei \u2018trela\u2019 para ela\u201d, afirmou.<\/p>\n<p>Caso as den\u00fancias sejam concretizadas, o profissional da sa\u00fade poder\u00e1 pegar de 6 a 10 anos de pris\u00e3o. Blog do Rodrigo Ferraz<\/p>\n<p><img decoding=\"async\" class=\"aligncenter\" src=\"http:\/\/www.sudoestehoje.com.br\/novoportal\/wp-content\/uploads\/2014\/12\/skala-novo.jpg\" alt=\"skala novo\" \/><\/p>\n","protected":false},"excerpt":{"rendered":"<p>Repercutiu em todo o Estado a pris\u00e3o do enfermeiro\u00a0Guilharde Moura Leite, acusado de estuprar pacientes em cidades da regi\u00e3o Sudoeste. Atualmente o profissional trabalhava na cidade de Cordeiros, distante 130 km de Vit\u00f3ria da Conquista. O profissional esteve na capital do Sudoeste baiano ap\u00f3s as in\u00fameras acusa\u00e7\u00f5es, onde foi recambiado.\u00a0Em entrevista ao rep\u00f3rter Daniel Silva, [&hellip;]<\/p>\n","protected":false},"author":2,"featured_media":0,"comment_status":"open","ping_status":"open","sticky":false,"template":"","format":"standard","meta":{"footnotes":"","_links_to":"","_links_to_target":""},"categories":[1],"tags":[],"class_list":["post-47716","post","type-post","status-publish","format-standard","hentry","category-geral"],"views":1646,"_links":{"self":[{"href":"https:\/\/www.sudoestehoje.com.br\/novoportal\/wp-json\/wp\/v2\/posts\/47716","targetHints":{"allow":["GET"]}}],"collection":[{"href":"https:\/\/www.sudoestehoje.com.br\/novoportal\/wp-json\/wp\/v2\/posts"}],"about":[{"href":"https:\/\/www.sudoestehoje.com.br\/novoportal\/wp-json\/wp\/v2\/types\/post"}],"author":[{"embeddable":true,"href":"https:\/\/www.sudoestehoje.com.br\/novoportal\/wp-json\/wp\/v2\/users\/2"}],"replies":[{"embeddable":true,"href":"https:\/\/www.sudoestehoje.com.br\/novoportal\/wp-json\/wp\/v2\/comments?post=47716"}],"version-history":[{"count":2,"href":"https:\/\/www.sudoestehoje.com.br\/novoportal\/wp-json\/wp\/v2\/posts\/47716\/revisions"}],"predecessor-version":[{"id":47724,"href":"https:\/\/www.sudoestehoje.com.br\/novoportal\/wp-json\/wp\/v2\/posts\/47716\/revisions\/47724"}],"wp:attachment":[{"href":"https:\/\/www.sudoestehoje.com.br\/novoportal\/wp-json\/wp\/v2\/media?parent=47716"}],"wp:term":[{"taxonomy":"category","embeddable":true,"href":"https:\/\/www.sudoestehoje.com.br\/novoportal\/wp-json\/wp\/v2\/categories?post=47716"},{"taxonomy":"post_tag","embeddable":true,"href":"https:\/\/www.sudoestehoje.com.br\/novoportal\/wp-json\/wp\/v2\/tags?post=47716"}],"curies":[{"name":"wp","href":"https:\/\/api.w.org\/{rel}","templated":true}]}}