
{"id":47709,"date":"2015-03-20T19:56:01","date_gmt":"2015-03-20T22:56:01","guid":{"rendered":"http:\/\/www.sudoestehoje.com.br\/novoportal\/?p=47709"},"modified":"2015-03-21T18:58:16","modified_gmt":"2015-03-21T21:58:16","slug":"nota-do-hospital-alianca-desmente-versao-que-ze-carlos-esta-de-dengue","status":"publish","type":"post","link":"https:\/\/www.sudoestehoje.com.br\/novoportal\/2015\/03\/20\/nota-do-hospital-alianca-desmente-versao-que-ze-carlos-esta-de-dengue\/","title":{"rendered":"NOTA DO HOSPITAL ALIAN\u00c7A DESMENTE VERS\u00c3O DE QUE Z\u00c9 CARLOS TEM DENGUE"},"content":{"rendered":"<p><a href=\"http:\/\/www.sudoestehoje.com.br\/novoportal\/wp-content\/uploads\/2015\/03\/nota.jpg\"><img loading=\"lazy\" decoding=\"async\" class=\"aligncenter size-full wp-image-47711\" src=\"http:\/\/www.sudoestehoje.com.br\/novoportal\/wp-content\/uploads\/2015\/03\/nota.jpg\" alt=\"nota\" width=\"485\" height=\"485\" srcset=\"https:\/\/www.sudoestehoje.com.br\/novoportal\/wp-content\/uploads\/2015\/03\/nota.jpg 485w, https:\/\/www.sudoestehoje.com.br\/novoportal\/wp-content\/uploads\/2015\/03\/nota-150x150.jpg 150w\" sizes=\"auto, (max-width: 485px) 100vw, 485px\" \/><\/a><\/p>\n<p>Contrariando a vers\u00e3o oficial de que o prefeito Z\u00e9 Carlos estaria acometido de dengue, segundo nota da sua Assessoria de Comunica\u00e7\u00e3o , o\u00a0Hospital Alian\u00e7a da divulgou nota t\u00e9cnica, nesta sexta-feira (20) informando as condi\u00e7\u00f5es do paciente Jos\u00e9 Carlos Cruz Cerqueira Moura.<\/p>\n<p>De acordo com o Hospital Alian\u00e7a, o prefeito de Itapetinga\u00a0<em>\u00a0&#8220;segue na unidade por conta de uma infec\u00e7\u00e3o do trato respirat\u00f3rio (Pneumonia)<\/em>.<em>\u00a0Encontra-se em uso de antibioticoterapia venosa e em cuidados intensivos. O quadro do paciente e est\u00e1vel, por\u00e9m inspira cuidados\u201d<\/em>, o que significa que o quadro (est\u00e1vel) de sa\u00fade do gestor n\u00e3o evoluiu, nem regrediu, e que se encontra internado em UTI, onde recebe &#8220;cuidados intensivos&#8221;. Em nota t\u00e9cnica, o termo &#8220;inspira cuidados&#8221; significa que o quadro \u00e9 grave.<\/p>\n<p>Entretanto, a nota oficial divulgada ontem pela Assessoria de Comunica\u00e7\u00e3o da prefeitura, dizia basear-se em informa\u00e7\u00f5es dos m\u00e9dicos itapetinguenses que acompanharam o prefeito, desde as primeiras horas da sua crise, o que lava a crer que houve uma avalia\u00e7\u00e3o equivocada, vez que o quadro de pneumonia n\u00e3o tem qualquer rela\u00e7\u00e3o com o diagn\u00f3stico de dengue.<\/p>\n<p>Os m\u00e9dicos do prefeito erraram feio ou a assessoria do prefeito mentiu?<\/p>\n<p><strong><em>Por Davi Ferraz\u00a0<\/em><\/strong><\/p>\n<p><img decoding=\"async\" class=\"aligncenter\" src=\"http:\/\/img.blogdoanderson.com\/publicidade\/cristo-redentor-02-15.jpg\" alt=\"\" \/><\/p>\n","protected":false},"excerpt":{"rendered":"<p>Contrariando a vers\u00e3o oficial de que o prefeito Z\u00e9 Carlos estaria acometido de dengue, segundo nota da sua Assessoria de Comunica\u00e7\u00e3o , o\u00a0Hospital Alian\u00e7a da divulgou nota t\u00e9cnica, nesta sexta-feira (20) informando as condi\u00e7\u00f5es do paciente Jos\u00e9 Carlos Cruz Cerqueira Moura. De acordo com o Hospital Alian\u00e7a, o prefeito de Itapetinga\u00a0\u00a0&#8220;segue na unidade por conta [&hellip;]<\/p>\n","protected":false},"author":2,"featured_media":0,"comment_status":"open","ping_status":"open","sticky":false,"template":"","format":"standard","meta":{"footnotes":"","_links_to":"","_links_to_target":""},"categories":[1],"tags":[],"class_list":["post-47709","post","type-post","status-publish","format-standard","hentry","category-geral"],"views":1987,"_links":{"self":[{"href":"https:\/\/www.sudoestehoje.com.br\/novoportal\/wp-json\/wp\/v2\/posts\/47709","targetHints":{"allow":["GET"]}}],"collection":[{"href":"https:\/\/www.sudoestehoje.com.br\/novoportal\/wp-json\/wp\/v2\/posts"}],"about":[{"href":"https:\/\/www.sudoestehoje.com.br\/novoportal\/wp-json\/wp\/v2\/types\/post"}],"author":[{"embeddable":true,"href":"https:\/\/www.sudoestehoje.com.br\/novoportal\/wp-json\/wp\/v2\/users\/2"}],"replies":[{"embeddable":true,"href":"https:\/\/www.sudoestehoje.com.br\/novoportal\/wp-json\/wp\/v2\/comments?post=47709"}],"version-history":[{"count":7,"href":"https:\/\/www.sudoestehoje.com.br\/novoportal\/wp-json\/wp\/v2\/posts\/47709\/revisions"}],"predecessor-version":[{"id":47723,"href":"https:\/\/www.sudoestehoje.com.br\/novoportal\/wp-json\/wp\/v2\/posts\/47709\/revisions\/47723"}],"wp:attachment":[{"href":"https:\/\/www.sudoestehoje.com.br\/novoportal\/wp-json\/wp\/v2\/media?parent=47709"}],"wp:term":[{"taxonomy":"category","embeddable":true,"href":"https:\/\/www.sudoestehoje.com.br\/novoportal\/wp-json\/wp\/v2\/categories?post=47709"},{"taxonomy":"post_tag","embeddable":true,"href":"https:\/\/www.sudoestehoje.com.br\/novoportal\/wp-json\/wp\/v2\/tags?post=47709"}],"curies":[{"name":"wp","href":"https:\/\/api.w.org\/{rel}","templated":true}]}}