
{"id":47706,"date":"2015-03-20T09:09:40","date_gmt":"2015-03-20T12:09:40","guid":{"rendered":"http:\/\/www.sudoestehoje.com.br\/novoportal\/?p=47706"},"modified":"2015-03-21T19:01:19","modified_gmt":"2015-03-21T22:01:19","slug":"tse-mantem-cassacao-do-prefeito-de-presidente-tancredo-neves","status":"publish","type":"post","link":"https:\/\/www.sudoestehoje.com.br\/novoportal\/2015\/03\/20\/tse-mantem-cassacao-do-prefeito-de-presidente-tancredo-neves\/","title":{"rendered":"TSE MANT\u00c9M CASSA\u00c7\u00c3O DO PREFEITO DE PRESIDENTE TANCREDO NEVES"},"content":{"rendered":"<p><a href=\"http:\/\/www.sudoestehoje.com.br\/novoportal\/wp-content\/uploads\/2015\/03\/tancredo.jpg\"><img loading=\"lazy\" decoding=\"async\" class=\"aligncenter  wp-image-47707\" src=\"http:\/\/www.sudoestehoje.com.br\/novoportal\/wp-content\/uploads\/2015\/03\/tancredo.jpg\" alt=\"tancredo\" width=\"451\" height=\"332\" srcset=\"https:\/\/www.sudoestehoje.com.br\/novoportal\/wp-content\/uploads\/2015\/03\/tancredo.jpg 380w, https:\/\/www.sudoestehoje.com.br\/novoportal\/wp-content\/uploads\/2015\/03\/tancredo-150x111.jpg 150w\" sizes=\"auto, (max-width: 451px) 100vw, 451px\" \/><\/a><\/p>\n<p>Uma decis\u00e3o do Tribunal Superior Eleitoral (TSE) manteve a cassa\u00e7\u00e3o do prefeito de Presidente Tancredo Neves, na regi\u00e3o do Baixo Sul, Moacy Pereira (PDT), e do vice dele, Moacir de Jesus F\u00e9lix (PSC).<\/p>\n<p>Com a isso, a Corte federal sacramenta a decis\u00e3o do Tribunal Regional Eleitoral da Bahia, ocorrido em 5 de fevereiro. \u00a0Antes, os dois tiveram a cassa\u00e7\u00e3o proferida pela 31\u00aa Zona Eleitoral de Valen\u00e7a, na mesma regi\u00e3o.<\/p>\n<p>Assume no lugar de Moacy Pereira, o presidente da C\u00e2mara de Vereadores da cidade, Valdemir Mota (PV), que j\u00e1 foi empossado na quarta-feira (18).<\/p>\n<p>Moacy Pereira responde a A\u00e7\u00e3o de Investiga\u00e7\u00e3o Judicial Eleitoral (AIJE) ajuizada pela oposi\u00e7\u00e3o nas elei\u00e7\u00f5es de 2012, acusado de capta\u00e7\u00e3o il\u00edcita de sufr\u00e1gio (compra de votos) e abuso de poder econ\u00f4mico durante o pleito daquele ano.<\/p>\n<p>Pelo visto, s\u00f3 tem gente boa por l\u00e1&#8230;<\/p>\n<p><img decoding=\"async\" class=\"aligncenter\" src=\"http:\/\/www.sudoestehoje.com.br\/novoportal\/wp-content\/uploads\/2014\/12\/Banner-Casabella-500x104.jpg\" alt=\"Banner Casabella\" \/><\/p>\n","protected":false},"excerpt":{"rendered":"<p>Uma decis\u00e3o do Tribunal Superior Eleitoral (TSE) manteve a cassa\u00e7\u00e3o do prefeito de Presidente Tancredo Neves, na regi\u00e3o do Baixo Sul, Moacy Pereira (PDT), e do vice dele, Moacir de Jesus F\u00e9lix (PSC). Com a isso, a Corte federal sacramenta a decis\u00e3o do Tribunal Regional Eleitoral da Bahia, ocorrido em 5 de fevereiro. \u00a0Antes, os [&hellip;]<\/p>\n","protected":false},"author":2,"featured_media":0,"comment_status":"open","ping_status":"open","sticky":false,"template":"","format":"standard","meta":{"footnotes":"","_links_to":"","_links_to_target":""},"categories":[1],"tags":[],"class_list":["post-47706","post","type-post","status-publish","format-standard","hentry","category-geral"],"views":1247,"_links":{"self":[{"href":"https:\/\/www.sudoestehoje.com.br\/novoportal\/wp-json\/wp\/v2\/posts\/47706","targetHints":{"allow":["GET"]}}],"collection":[{"href":"https:\/\/www.sudoestehoje.com.br\/novoportal\/wp-json\/wp\/v2\/posts"}],"about":[{"href":"https:\/\/www.sudoestehoje.com.br\/novoportal\/wp-json\/wp\/v2\/types\/post"}],"author":[{"embeddable":true,"href":"https:\/\/www.sudoestehoje.com.br\/novoportal\/wp-json\/wp\/v2\/users\/2"}],"replies":[{"embeddable":true,"href":"https:\/\/www.sudoestehoje.com.br\/novoportal\/wp-json\/wp\/v2\/comments?post=47706"}],"version-history":[{"count":2,"href":"https:\/\/www.sudoestehoje.com.br\/novoportal\/wp-json\/wp\/v2\/posts\/47706\/revisions"}],"predecessor-version":[{"id":47725,"href":"https:\/\/www.sudoestehoje.com.br\/novoportal\/wp-json\/wp\/v2\/posts\/47706\/revisions\/47725"}],"wp:attachment":[{"href":"https:\/\/www.sudoestehoje.com.br\/novoportal\/wp-json\/wp\/v2\/media?parent=47706"}],"wp:term":[{"taxonomy":"category","embeddable":true,"href":"https:\/\/www.sudoestehoje.com.br\/novoportal\/wp-json\/wp\/v2\/categories?post=47706"},{"taxonomy":"post_tag","embeddable":true,"href":"https:\/\/www.sudoestehoje.com.br\/novoportal\/wp-json\/wp\/v2\/tags?post=47706"}],"curies":[{"name":"wp","href":"https:\/\/api.w.org\/{rel}","templated":true}]}}