
{"id":47678,"date":"2015-03-19T15:27:28","date_gmt":"2015-03-19T18:27:28","guid":{"rendered":"http:\/\/www.sudoestehoje.com.br\/novoportal\/?p=47678"},"modified":"2015-03-21T19:06:05","modified_gmt":"2015-03-21T22:06:05","slug":"prefeito-ze-carlos-passa-mal-e-sera-removido-por-uti-aerea","status":"publish","type":"post","link":"https:\/\/www.sudoestehoje.com.br\/novoportal\/2015\/03\/19\/prefeito-ze-carlos-passa-mal-e-sera-removido-por-uti-aerea\/","title":{"rendered":"PREFEITO Z\u00c9 CARLOS PASSA MAL E SER\u00c1 REMOVIDO POR UTI A\u00c9REA"},"content":{"rendered":"<p><a href=\"http:\/\/www.sudoestehoje.com.br\/novoportal\/wp-content\/uploads\/2015\/03\/ze-c.jpg\"><img loading=\"lazy\" decoding=\"async\" class=\"aligncenter size-medium wp-image-47682\" src=\"http:\/\/www.sudoestehoje.com.br\/novoportal\/wp-content\/uploads\/2015\/03\/ze-c-500x271.jpg\" alt=\"ze c\" width=\"500\" height=\"271\" srcset=\"https:\/\/www.sudoestehoje.com.br\/novoportal\/wp-content\/uploads\/2015\/03\/ze-c-500x271.jpg 500w, https:\/\/www.sudoestehoje.com.br\/novoportal\/wp-content\/uploads\/2015\/03\/ze-c-150x81.jpg 150w, https:\/\/www.sudoestehoje.com.br\/novoportal\/wp-content\/uploads\/2015\/03\/ze-c.jpg 590w\" sizes=\"auto, (max-width: 500px) 100vw, 500px\" \/><\/a><\/p>\n<p>EXCLUSIVO! Por volta das 14h desta quinta-feira, o prefeito de Itapetinga, Jos\u00e9 Carlos Moura (PT) passou mal em sua resid\u00eancia, e uma ambul\u00e2ncia do Samu 192 foi chamada \u00e0s pressas, para remov\u00ea-lo para uma unidade de sa\u00fade.<\/p>\n<p>Entretanto, uma equipe de quatro m\u00e9dicos locais que o atenderam em sua resid\u00eancia, constataram que o seu quadro de sa\u00fade \u00e9 grave, e uma UTI no Ar foi solicitada em Salvador, para remov\u00ea-lo para um hospital na capital do estado, provavelmente o Hospital Alian\u00e7a.<\/p>\n<p><a href=\"http:\/\/www.sudoestehoje.com.br\/novoportal\/wp-content\/uploads\/2015\/03\/samu-2.jpg\"><img loading=\"lazy\" decoding=\"async\" class=\"aligncenter size-medium wp-image-47679\" src=\"http:\/\/www.sudoestehoje.com.br\/novoportal\/wp-content\/uploads\/2015\/03\/samu-2-500x300.jpg\" alt=\"samu 2\" width=\"500\" height=\"300\" srcset=\"https:\/\/www.sudoestehoje.com.br\/novoportal\/wp-content\/uploads\/2015\/03\/samu-2-500x300.jpg 500w, https:\/\/www.sudoestehoje.com.br\/novoportal\/wp-content\/uploads\/2015\/03\/samu-2-700x420.jpg 700w, https:\/\/www.sudoestehoje.com.br\/novoportal\/wp-content\/uploads\/2015\/03\/samu-2-150x90.jpg 150w, https:\/\/www.sudoestehoje.com.br\/novoportal\/wp-content\/uploads\/2015\/03\/samu-2.jpg 960w\" sizes=\"auto, (max-width: 500px) 100vw, 500px\" \/><\/a><\/p>\n<p>Z\u00e9 Carlos est\u00e1 com dificuldades respirat\u00f3rias e precisa de cuidados m\u00e9dicos especializados.\u00a0Informa\u00e7\u00f5es que acabamos de receber d\u00e3o conta de que a aeronave que o conduzir\u00e1 \u00e0 capital, j\u00e1 decolou do aeroporto de Salvador.<\/p>\n<p>A ambul\u00e2ncia do Samu continua estacionada na porta da casa do prefeito e ser\u00e1 utilizada apenas para lev\u00e1-lo ao aeroporto.<\/p>\n<p><strong><em>Por Davi Ferraz<\/em><\/strong><\/p>\n<p><img loading=\"lazy\" decoding=\"async\" class=\" aligncenter\" src=\"http:\/\/2.bp.blogspot.com\/-70-eOs__L20\/VPCyusPhXRI\/AAAAAAAACAQ\/KHorKekdACs\/s640\/tarug%C3%A3o1.jpg\" alt=\"\" width=\"501\" height=\"141\" \/><\/p>\n<p>&nbsp;<\/p>\n","protected":false},"excerpt":{"rendered":"<p>EXCLUSIVO! Por volta das 14h desta quinta-feira, o prefeito de Itapetinga, Jos\u00e9 Carlos Moura (PT) passou mal em sua resid\u00eancia, e uma ambul\u00e2ncia do Samu 192 foi chamada \u00e0s pressas, para remov\u00ea-lo para uma unidade de sa\u00fade. Entretanto, uma equipe de quatro m\u00e9dicos locais que o atenderam em sua resid\u00eancia, constataram que o seu quadro [&hellip;]<\/p>\n","protected":false},"author":2,"featured_media":0,"comment_status":"open","ping_status":"open","sticky":false,"template":"","format":"standard","meta":{"footnotes":"","_links_to":"","_links_to_target":""},"categories":[1],"tags":[],"class_list":["post-47678","post","type-post","status-publish","format-standard","hentry","category-geral"],"views":2008,"_links":{"self":[{"href":"https:\/\/www.sudoestehoje.com.br\/novoportal\/wp-json\/wp\/v2\/posts\/47678","targetHints":{"allow":["GET"]}}],"collection":[{"href":"https:\/\/www.sudoestehoje.com.br\/novoportal\/wp-json\/wp\/v2\/posts"}],"about":[{"href":"https:\/\/www.sudoestehoje.com.br\/novoportal\/wp-json\/wp\/v2\/types\/post"}],"author":[{"embeddable":true,"href":"https:\/\/www.sudoestehoje.com.br\/novoportal\/wp-json\/wp\/v2\/users\/2"}],"replies":[{"embeddable":true,"href":"https:\/\/www.sudoestehoje.com.br\/novoportal\/wp-json\/wp\/v2\/comments?post=47678"}],"version-history":[{"count":6,"href":"https:\/\/www.sudoestehoje.com.br\/novoportal\/wp-json\/wp\/v2\/posts\/47678\/revisions"}],"predecessor-version":[{"id":47728,"href":"https:\/\/www.sudoestehoje.com.br\/novoportal\/wp-json\/wp\/v2\/posts\/47678\/revisions\/47728"}],"wp:attachment":[{"href":"https:\/\/www.sudoestehoje.com.br\/novoportal\/wp-json\/wp\/v2\/media?parent=47678"}],"wp:term":[{"taxonomy":"category","embeddable":true,"href":"https:\/\/www.sudoestehoje.com.br\/novoportal\/wp-json\/wp\/v2\/categories?post=47678"},{"taxonomy":"post_tag","embeddable":true,"href":"https:\/\/www.sudoestehoje.com.br\/novoportal\/wp-json\/wp\/v2\/tags?post=47678"}],"curies":[{"name":"wp","href":"https:\/\/api.w.org\/{rel}","templated":true}]}}