
{"id":47667,"date":"2015-03-19T13:10:41","date_gmt":"2015-03-19T16:10:41","guid":{"rendered":"http:\/\/www.sudoestehoje.com.br\/novoportal\/?p=47667"},"modified":"2015-03-21T19:08:49","modified_gmt":"2015-03-21T22:08:49","slug":"jequie-trabalhadores-das-obras-da-fiol-realizam-protesto","status":"publish","type":"post","link":"https:\/\/www.sudoestehoje.com.br\/novoportal\/2015\/03\/19\/jequie-trabalhadores-das-obras-da-fiol-realizam-protesto\/","title":{"rendered":"JEQUI\u00c9: TRABALHADORES DAS OBRAS DA FIOL REALIZAM PROTESTO"},"content":{"rendered":"<p><a href=\"http:\/\/www.sudoestehoje.com.br\/novoportal\/wp-content\/uploads\/2015\/03\/fiol.jpg\"><img loading=\"lazy\" decoding=\"async\" class=\"aligncenter size-medium wp-image-47668\" src=\"http:\/\/www.sudoestehoje.com.br\/novoportal\/wp-content\/uploads\/2015\/03\/fiol-500x375.jpg\" alt=\"fiol\" width=\"500\" height=\"375\" srcset=\"https:\/\/www.sudoestehoje.com.br\/novoportal\/wp-content\/uploads\/2015\/03\/fiol-500x375.jpg 500w, https:\/\/www.sudoestehoje.com.br\/novoportal\/wp-content\/uploads\/2015\/03\/fiol-700x525.jpg 700w, https:\/\/www.sudoestehoje.com.br\/novoportal\/wp-content\/uploads\/2015\/03\/fiol-150x113.jpg 150w, https:\/\/www.sudoestehoje.com.br\/novoportal\/wp-content\/uploads\/2015\/03\/fiol.jpg 1600w\" sizes=\"auto, (max-width: 500px) 100vw, 500px\" \/><\/a><\/p>\n<p>Trabalhadores da constru\u00e7\u00e3o civil que prestam servi\u00e7os as empresas respons\u00e1veis pelas obras da Ferrovia da Integra\u00e7\u00e3o Oeste-Leste (Fiol) em Jequi\u00e9, realizam nesta quinta-feira, (19\/03) caminhada pelas ruas da cidade em protesto a demiss\u00e3o de cerca de 1300 funcion\u00e1rios.<\/p>\n<p>Os protestos come\u00e7aram com concentra\u00e7\u00e3o no canteiro de obras do bairro do KM 3 com destino ao centro da cidade. O ato ser\u00e1 encerrado na Pra\u00e7a da Catedral.<\/p>\n<p>A categoria alega falta de repasse do governo federal para as empresas, via Minist\u00e9rio dos Transportes para a Valec efetuar o pagamento da rescis\u00e3o dos trabalhadores.\u00a0As obras da Fiol est\u00e3o paralisadas.<\/p>\n<p><img decoding=\"async\" class=\"aligncenter\" src=\"http:\/\/www.sudoestehoje.com.br\/novoportal\/wp-content\/uploads\/2015\/02\/NOVO-BANNER-COOLEITE-500x250.jpg\" alt=\"NOVO BANNER COOLEITE\" \/><\/p>\n","protected":false},"excerpt":{"rendered":"<p>Trabalhadores da constru\u00e7\u00e3o civil que prestam servi\u00e7os as empresas respons\u00e1veis pelas obras da Ferrovia da Integra\u00e7\u00e3o Oeste-Leste (Fiol) em Jequi\u00e9, realizam nesta quinta-feira, (19\/03) caminhada pelas ruas da cidade em protesto a demiss\u00e3o de cerca de 1300 funcion\u00e1rios. Os protestos come\u00e7aram com concentra\u00e7\u00e3o no canteiro de obras do bairro do KM 3 com destino ao [&hellip;]<\/p>\n","protected":false},"author":2,"featured_media":0,"comment_status":"open","ping_status":"open","sticky":false,"template":"","format":"standard","meta":{"footnotes":"","_links_to":"","_links_to_target":""},"categories":[1],"tags":[],"class_list":["post-47667","post","type-post","status-publish","format-standard","hentry","category-geral"],"views":1314,"_links":{"self":[{"href":"https:\/\/www.sudoestehoje.com.br\/novoportal\/wp-json\/wp\/v2\/posts\/47667","targetHints":{"allow":["GET"]}}],"collection":[{"href":"https:\/\/www.sudoestehoje.com.br\/novoportal\/wp-json\/wp\/v2\/posts"}],"about":[{"href":"https:\/\/www.sudoestehoje.com.br\/novoportal\/wp-json\/wp\/v2\/types\/post"}],"author":[{"embeddable":true,"href":"https:\/\/www.sudoestehoje.com.br\/novoportal\/wp-json\/wp\/v2\/users\/2"}],"replies":[{"embeddable":true,"href":"https:\/\/www.sudoestehoje.com.br\/novoportal\/wp-json\/wp\/v2\/comments?post=47667"}],"version-history":[{"count":2,"href":"https:\/\/www.sudoestehoje.com.br\/novoportal\/wp-json\/wp\/v2\/posts\/47667\/revisions"}],"predecessor-version":[{"id":47730,"href":"https:\/\/www.sudoestehoje.com.br\/novoportal\/wp-json\/wp\/v2\/posts\/47667\/revisions\/47730"}],"wp:attachment":[{"href":"https:\/\/www.sudoestehoje.com.br\/novoportal\/wp-json\/wp\/v2\/media?parent=47667"}],"wp:term":[{"taxonomy":"category","embeddable":true,"href":"https:\/\/www.sudoestehoje.com.br\/novoportal\/wp-json\/wp\/v2\/categories?post=47667"},{"taxonomy":"post_tag","embeddable":true,"href":"https:\/\/www.sudoestehoje.com.br\/novoportal\/wp-json\/wp\/v2\/tags?post=47667"}],"curies":[{"name":"wp","href":"https:\/\/api.w.org\/{rel}","templated":true}]}}