
{"id":47656,"date":"2015-03-19T10:26:31","date_gmt":"2015-03-19T13:26:31","guid":{"rendered":"http:\/\/www.sudoestehoje.com.br\/novoportal\/?p=47656"},"modified":"2015-03-21T19:14:19","modified_gmt":"2015-03-21T22:14:19","slug":"ze-carlos-veta-projeto-dos-topiqueiros","status":"publish","type":"post","link":"https:\/\/www.sudoestehoje.com.br\/novoportal\/2015\/03\/19\/ze-carlos-veta-projeto-dos-topiqueiros\/","title":{"rendered":"Z\u00c9 CARLOS VETA PROJETO DOS TOPIQUEIROS"},"content":{"rendered":"<div id=\"attachment_47657\" style=\"width: 510px\" class=\"wp-caption aligncenter\"><a href=\"http:\/\/www.sudoestehoje.com.br\/novoportal\/wp-content\/uploads\/2015\/03\/valquir\u00e3o-lima-e-topiqueiros.jpg\"><img loading=\"lazy\" decoding=\"async\" aria-describedby=\"caption-attachment-47657\" class=\"size-medium wp-image-47657\" src=\"http:\/\/www.sudoestehoje.com.br\/novoportal\/wp-content\/uploads\/2015\/03\/valquir\u00e3o-lima-e-topiqueiros-500x375.jpg\" alt=\"Vereador Valquir\u00e3o comemorou aprova\u00e7\u00e3o do projeto que beneficiaria os topiqueiros, e tem agora a miss\u00e3o de derrubar o veto do prefeito. \" width=\"500\" height=\"375\" srcset=\"https:\/\/www.sudoestehoje.com.br\/novoportal\/wp-content\/uploads\/2015\/03\/valquir\u00e3o-lima-e-topiqueiros-500x375.jpg 500w, https:\/\/www.sudoestehoje.com.br\/novoportal\/wp-content\/uploads\/2015\/03\/valquir\u00e3o-lima-e-topiqueiros-150x113.jpg 150w, https:\/\/www.sudoestehoje.com.br\/novoportal\/wp-content\/uploads\/2015\/03\/valquir\u00e3o-lima-e-topiqueiros.jpg 640w\" sizes=\"auto, (max-width: 500px) 100vw, 500px\" \/><\/a><p id=\"caption-attachment-47657\" class=\"wp-caption-text\">Vereador Valquir\u00e3o comemorou a aprova\u00e7\u00e3o do projeto que beneficiaria os topiqueiros, e tem agora a dura miss\u00e3o de derrubar o veto do prefeito. Foto arquivo Facebook.<\/p><\/div>\n<p>Depois de muita celeuma e discuss\u00f5es, o projeto de lei que prometia &#8216;salvar&#8217; os propriet\u00e1rios de vans da persegui\u00e7\u00e3o implac\u00e1vel da Via\u00e7\u00e3o Itapetinga e da prefeitura, acabou, como j\u00e1 se previa, sendo vetado pelo prefeito Z\u00e9 Carlos, apesar dos seus autores serem vereadores da base governista, na c\u00e2mara municipal.<\/p>\n<p>O cerne da quest\u00e3o \u00e9 a exclusividade dada \u00e0 Via\u00e7\u00e3o Itapetinga, para realizar o transporte de passageiros entre a sede do munic\u00edpio e o distrito de Bandeira do Col\u00f4nia, onde os topiqueiros j\u00e1 atuam h\u00e1 anos, sob permiss\u00e3o da pr\u00f3pria prefeitura, mas que agora est\u00e3o sendo barrados e perseguidos pelo prefeito, por raz\u00f5es de arrepiar os cabelos.<\/p>\n<p>Cheio de falhas e fruto de uma articula\u00e7\u00e3o oportunista do vereador Valquir\u00e3o (PR), o projeto acabou sendo aprovado com ampla maioria, apesar das ressalvas da oposi\u00e7\u00e3o, diante da press\u00e3o dos topiqueiros, que comemoraram o resultado como uma &#8216;grande vit\u00f3ria&#8217; da classe.<\/p>\n<p>Na \u00e2nsia de fazer m\u00e9dia com os desesperados topiqueiros, os vereadores da base se esqueceram dos 300 mil &#8216;motivos&#8217; que levaram o seu chefe a entregar \u00e0 Via\u00e7\u00e3o Itapetinga a concess\u00e3o para explorar, por mais 20 anos, o transporte coletivo no munic\u00edpio.<\/p>\n<p>Na saia justa, Valquir\u00e3o tem agora a dura miss\u00e3o de convencer os vereadores da base e da oposi\u00e7\u00e3o a derrubarem o veto de Z\u00e9 Carlos, arriscando perder todos os privil\u00e9gios que conquistou na prefeitura.<\/p>\n<p>A tend\u00eancia \u00e9 que ele e seus correligion\u00e1rios &#8216;tirem o corpo de banda&#8217;, jogando a culpa na oposi\u00e7\u00e3o. Algu\u00e9m duvida?<\/p>\n<p><strong><em>Por Davi Ferraz\u00a0<\/em><\/strong><\/p>\n<p><img decoding=\"async\" class=\"aligncenter\" src=\"http:\/\/www.sudoestehoje.com.br\/novoportal\/wp-content\/uploads\/2014\/12\/skala-novo.jpg\" alt=\"skala novo\" \/><\/p>\n","protected":false},"excerpt":{"rendered":"<p>Depois de muita celeuma e discuss\u00f5es, o projeto de lei que prometia &#8216;salvar&#8217; os propriet\u00e1rios de vans da persegui\u00e7\u00e3o implac\u00e1vel da Via\u00e7\u00e3o Itapetinga e da prefeitura, acabou, como j\u00e1 se previa, sendo vetado pelo prefeito Z\u00e9 Carlos, apesar dos seus autores serem vereadores da base governista, na c\u00e2mara municipal. O cerne da quest\u00e3o \u00e9 a [&hellip;]<\/p>\n","protected":false},"author":2,"featured_media":0,"comment_status":"open","ping_status":"open","sticky":false,"template":"","format":"standard","meta":{"footnotes":"","_links_to":"","_links_to_target":""},"categories":[1],"tags":[],"class_list":["post-47656","post","type-post","status-publish","format-standard","hentry","category-geral"],"views":1272,"_links":{"self":[{"href":"https:\/\/www.sudoestehoje.com.br\/novoportal\/wp-json\/wp\/v2\/posts\/47656","targetHints":{"allow":["GET"]}}],"collection":[{"href":"https:\/\/www.sudoestehoje.com.br\/novoportal\/wp-json\/wp\/v2\/posts"}],"about":[{"href":"https:\/\/www.sudoestehoje.com.br\/novoportal\/wp-json\/wp\/v2\/types\/post"}],"author":[{"embeddable":true,"href":"https:\/\/www.sudoestehoje.com.br\/novoportal\/wp-json\/wp\/v2\/users\/2"}],"replies":[{"embeddable":true,"href":"https:\/\/www.sudoestehoje.com.br\/novoportal\/wp-json\/wp\/v2\/comments?post=47656"}],"version-history":[{"count":4,"href":"https:\/\/www.sudoestehoje.com.br\/novoportal\/wp-json\/wp\/v2\/posts\/47656\/revisions"}],"predecessor-version":[{"id":47733,"href":"https:\/\/www.sudoestehoje.com.br\/novoportal\/wp-json\/wp\/v2\/posts\/47656\/revisions\/47733"}],"wp:attachment":[{"href":"https:\/\/www.sudoestehoje.com.br\/novoportal\/wp-json\/wp\/v2\/media?parent=47656"}],"wp:term":[{"taxonomy":"category","embeddable":true,"href":"https:\/\/www.sudoestehoje.com.br\/novoportal\/wp-json\/wp\/v2\/categories?post=47656"},{"taxonomy":"post_tag","embeddable":true,"href":"https:\/\/www.sudoestehoje.com.br\/novoportal\/wp-json\/wp\/v2\/tags?post=47656"}],"curies":[{"name":"wp","href":"https:\/\/api.w.org\/{rel}","templated":true}]}}