
{"id":47581,"date":"2015-03-16T17:17:06","date_gmt":"2015-03-16T20:17:06","guid":{"rendered":"http:\/\/www.sudoestehoje.com.br\/novoportal\/?p=47581"},"modified":"2015-03-16T17:19:56","modified_gmt":"2015-03-16T20:19:56","slug":"dilma-perdeu-o-controle","status":"publish","type":"post","link":"https:\/\/www.sudoestehoje.com.br\/novoportal\/2015\/03\/16\/dilma-perdeu-o-controle\/","title":{"rendered":"DILMA PERDEU O CONTROLE"},"content":{"rendered":"<p><a href=\"http:\/\/www.sudoestehoje.com.br\/novoportal\/wp-content\/uploads\/2015\/03\/Dilma-2.jpg\"><img loading=\"lazy\" decoding=\"async\" class=\"aligncenter size-full wp-image-47582\" src=\"http:\/\/www.sudoestehoje.com.br\/novoportal\/wp-content\/uploads\/2015\/03\/Dilma-2.jpg\" alt=\"Dilma Rousseff: 'Do I look happy, Mr Obama?'\" width=\"460\" height=\"276\" srcset=\"https:\/\/www.sudoestehoje.com.br\/novoportal\/wp-content\/uploads\/2015\/03\/Dilma-2.jpg 460w, https:\/\/www.sudoestehoje.com.br\/novoportal\/wp-content\/uploads\/2015\/03\/Dilma-2-150x90.jpg 150w\" sizes=\"auto, (max-width: 460px) 100vw, 460px\" \/><\/a><\/p>\n<p>A coluna Painel de \u201cA Folha de. S. Paulo\u201d informa nesta segunda-feira (16) que ainda esta semana o Planalto enviar\u00e1 ao Congresso o pacote de medidas anticorrup\u00e7\u00e3o (prometido por Dilma desde as manifesta\u00e7\u00f5es de 2013) e provavelmente tentar\u00e1 apaziguar o PMDB oferecendo \u00e0 legenda o minist\u00e9rio de Integra\u00e7\u00e3o Nacional.<\/p>\n<p>O ministro de Rela\u00e7\u00f5es Internacionais, Pepe Vargas, est\u00e1 praticamente fora da equipe (vai sobrar, o que para ele \u00e9 p\u00e9ssimo, para o ministro da Defesa, Jaques Wagner). A presidente Dilma est\u00e1 acuada. Ter\u00e1 que fazer de tudo para escapar, o que n\u00e3o parece f\u00e1cil porque no momento quem est\u00e1 comandando o Pa\u00eds n\u00e3o \u00e9 o governo, e sim as ruas sublevadas.<\/p>\n<p>Agradar o PMDB com um minist\u00e9rio tamb\u00e9m n\u00e3o parece levar a lugar algum. O partido n\u00e3o ficar\u00e1 contra as ruas, que j\u00e1 empurra o PT para um processo de decad\u00eancia. De tal maneira que nem o ex-presidente Lula escapa. Ele j\u00e1 n\u00e3o tem o mesmo prest\u00edgio de antes.<\/p>\n<p><img decoding=\"async\" class=\"aligncenter\" src=\"http:\/\/img.blogdoanderson.com\/publicidade\/cristo-redentor-02-15.jpg\" alt=\"\" \/><\/p>\n","protected":false},"excerpt":{"rendered":"<p>A coluna Painel de \u201cA Folha de. S. Paulo\u201d informa nesta segunda-feira (16) que ainda esta semana o Planalto enviar\u00e1 ao Congresso o pacote de medidas anticorrup\u00e7\u00e3o (prometido por Dilma desde as manifesta\u00e7\u00f5es de 2013) e provavelmente tentar\u00e1 apaziguar o PMDB oferecendo \u00e0 legenda o minist\u00e9rio de Integra\u00e7\u00e3o Nacional. O ministro de Rela\u00e7\u00f5es Internacionais, Pepe [&hellip;]<\/p>\n","protected":false},"author":2,"featured_media":0,"comment_status":"open","ping_status":"open","sticky":false,"template":"","format":"standard","meta":{"footnotes":"","_links_to":"","_links_to_target":""},"categories":[1],"tags":[],"class_list":["post-47581","post","type-post","status-publish","format-standard","hentry","category-geral"],"views":1304,"_links":{"self":[{"href":"https:\/\/www.sudoestehoje.com.br\/novoportal\/wp-json\/wp\/v2\/posts\/47581","targetHints":{"allow":["GET"]}}],"collection":[{"href":"https:\/\/www.sudoestehoje.com.br\/novoportal\/wp-json\/wp\/v2\/posts"}],"about":[{"href":"https:\/\/www.sudoestehoje.com.br\/novoportal\/wp-json\/wp\/v2\/types\/post"}],"author":[{"embeddable":true,"href":"https:\/\/www.sudoestehoje.com.br\/novoportal\/wp-json\/wp\/v2\/users\/2"}],"replies":[{"embeddable":true,"href":"https:\/\/www.sudoestehoje.com.br\/novoportal\/wp-json\/wp\/v2\/comments?post=47581"}],"version-history":[{"count":3,"href":"https:\/\/www.sudoestehoje.com.br\/novoportal\/wp-json\/wp\/v2\/posts\/47581\/revisions"}],"predecessor-version":[{"id":47585,"href":"https:\/\/www.sudoestehoje.com.br\/novoportal\/wp-json\/wp\/v2\/posts\/47581\/revisions\/47585"}],"wp:attachment":[{"href":"https:\/\/www.sudoestehoje.com.br\/novoportal\/wp-json\/wp\/v2\/media?parent=47581"}],"wp:term":[{"taxonomy":"category","embeddable":true,"href":"https:\/\/www.sudoestehoje.com.br\/novoportal\/wp-json\/wp\/v2\/categories?post=47581"},{"taxonomy":"post_tag","embeddable":true,"href":"https:\/\/www.sudoestehoje.com.br\/novoportal\/wp-json\/wp\/v2\/tags?post=47581"}],"curies":[{"name":"wp","href":"https:\/\/api.w.org\/{rel}","templated":true}]}}