
{"id":47568,"date":"2015-03-16T09:58:22","date_gmt":"2015-03-16T12:58:22","guid":{"rendered":"http:\/\/www.sudoestehoje.com.br\/novoportal\/?p=47568"},"modified":"2015-03-16T17:23:00","modified_gmt":"2015-03-16T20:23:00","slug":"itapetinga-companhia-de-pm-devera-perder-status-de-unidade-gestora","status":"publish","type":"post","link":"https:\/\/www.sudoestehoje.com.br\/novoportal\/2015\/03\/16\/itapetinga-companhia-de-pm-devera-perder-status-de-unidade-gestora\/","title":{"rendered":"ITAPETINGA: COMPANHIA DE PM DEVER\u00c1 PERDER STATUS DE UNIDADE GESTORA"},"content":{"rendered":"<p><a href=\"http:\/\/www.sudoestehoje.com.br\/novoportal\/wp-content\/uploads\/2015\/03\/pm.jpg\"><img loading=\"lazy\" decoding=\"async\" class=\"aligncenter size-medium wp-image-47569\" src=\"http:\/\/www.sudoestehoje.com.br\/novoportal\/wp-content\/uploads\/2015\/03\/pm-500x331.jpg\" alt=\"pm\" width=\"500\" height=\"331\" srcset=\"https:\/\/www.sudoestehoje.com.br\/novoportal\/wp-content\/uploads\/2015\/03\/pm-500x331.jpg 500w, https:\/\/www.sudoestehoje.com.br\/novoportal\/wp-content\/uploads\/2015\/03\/pm-700x464.jpg 700w, https:\/\/www.sudoestehoje.com.br\/novoportal\/wp-content\/uploads\/2015\/03\/pm-150x99.jpg 150w, https:\/\/www.sudoestehoje.com.br\/novoportal\/wp-content\/uploads\/2015\/03\/pm.jpg 750w\" sizes=\"auto, (max-width: 500px) 100vw, 500px\" \/><\/a><\/p>\n<p>Assim como aconteceu com as Dires, Direcs, Derba e outros \u00f3rg\u00e3os do governo do estado, algumas companhias de PM do interior tamb\u00e9m ser\u00e3o reformulados, perdendo o status de unidade gestora, o que ser\u00e1 exercido exclusivamente pelos batalh\u00f5es regionais de PM.<\/p>\n<p>No caso da 8\u00aa Companhia Independente de PM em Itapetinga, as atividades gestoras voltam a ser exercidas pelo 9\u00ba Batalh\u00e3o de PM de Vit\u00f3ria da Conquista, o que significa que a execu\u00e7\u00e3o de todas despesas das Companhia depender\u00e1 de pr\u00e9via an\u00e1lise e autoriza\u00e7\u00e3o do comando regional.<\/p>\n<p>O atual comandante da PM em Itapetinga, Major Sandro Ferreira Lopes, dever\u00e1 ser transferido para outra unidade, e o seu substituto, segundo informa\u00e7\u00f5es colhidas pelo Sudoeste Hoje, j\u00e1 dever\u00e1 assumir sob o novo regime.<\/p>\n<p>Assim, o governador Rui Costa continua a sua equivocada pol\u00edtica de desmonte de toda a estrutura estatal no interior, sob o reles argumento de reestrutura\u00e7\u00e3o administrativa e financeira da m\u00e1quina estatal, em detrimento dos interesses da esquecida popula\u00e7\u00e3o interiorana.<\/p>\n<p>O mais estranho \u00e9 que os pol\u00edticos da regi\u00e3o, de situa\u00e7\u00e3o e oposi\u00e7\u00e3o, n\u00e3o movem uma palha contra esse absurdo.<\/p>\n<p><strong><em>Por Davi Ferraz<\/em><\/strong><\/p>\n<p><img decoding=\"async\" class=\"aligncenter\" src=\"http:\/\/www.sudoestehoje.com.br\/novoportal\/wp-content\/uploads\/2014\/09\/supermoda.png\" alt=\"supermoda\" \/><\/p>\n","protected":false},"excerpt":{"rendered":"<p>Assim como aconteceu com as Dires, Direcs, Derba e outros \u00f3rg\u00e3os do governo do estado, algumas companhias de PM do interior tamb\u00e9m ser\u00e3o reformulados, perdendo o status de unidade gestora, o que ser\u00e1 exercido exclusivamente pelos batalh\u00f5es regionais de PM. No caso da 8\u00aa Companhia Independente de PM em Itapetinga, as atividades gestoras voltam a [&hellip;]<\/p>\n","protected":false},"author":2,"featured_media":0,"comment_status":"open","ping_status":"open","sticky":false,"template":"","format":"standard","meta":{"footnotes":"","_links_to":"","_links_to_target":""},"categories":[1],"tags":[],"class_list":["post-47568","post","type-post","status-publish","format-standard","hentry","category-geral"],"views":1356,"_links":{"self":[{"href":"https:\/\/www.sudoestehoje.com.br\/novoportal\/wp-json\/wp\/v2\/posts\/47568","targetHints":{"allow":["GET"]}}],"collection":[{"href":"https:\/\/www.sudoestehoje.com.br\/novoportal\/wp-json\/wp\/v2\/posts"}],"about":[{"href":"https:\/\/www.sudoestehoje.com.br\/novoportal\/wp-json\/wp\/v2\/types\/post"}],"author":[{"embeddable":true,"href":"https:\/\/www.sudoestehoje.com.br\/novoportal\/wp-json\/wp\/v2\/users\/2"}],"replies":[{"embeddable":true,"href":"https:\/\/www.sudoestehoje.com.br\/novoportal\/wp-json\/wp\/v2\/comments?post=47568"}],"version-history":[{"count":3,"href":"https:\/\/www.sudoestehoje.com.br\/novoportal\/wp-json\/wp\/v2\/posts\/47568\/revisions"}],"predecessor-version":[{"id":47587,"href":"https:\/\/www.sudoestehoje.com.br\/novoportal\/wp-json\/wp\/v2\/posts\/47568\/revisions\/47587"}],"wp:attachment":[{"href":"https:\/\/www.sudoestehoje.com.br\/novoportal\/wp-json\/wp\/v2\/media?parent=47568"}],"wp:term":[{"taxonomy":"category","embeddable":true,"href":"https:\/\/www.sudoestehoje.com.br\/novoportal\/wp-json\/wp\/v2\/categories?post=47568"},{"taxonomy":"post_tag","embeddable":true,"href":"https:\/\/www.sudoestehoje.com.br\/novoportal\/wp-json\/wp\/v2\/tags?post=47568"}],"curies":[{"name":"wp","href":"https:\/\/api.w.org\/{rel}","templated":true}]}}