
{"id":47402,"date":"2015-03-09T21:49:58","date_gmt":"2015-03-10T00:49:58","guid":{"rendered":"http:\/\/www.sudoestehoje.com.br\/novoportal\/?p=47402"},"modified":"2015-03-10T01:34:18","modified_gmt":"2015-03-10T04:34:18","slug":"dilma-perde-a-credibilidade-e-cai-no-panelaco-por-todo-o-pais","status":"publish","type":"post","link":"https:\/\/www.sudoestehoje.com.br\/novoportal\/2015\/03\/09\/dilma-perde-a-credibilidade-e-cai-no-panelaco-por-todo-o-pais\/","title":{"rendered":"DILMA PERDE A CREDIBILIDADE E CAI NO &#8220;PANELA\u00c7O&#8221; POR TODO O PA\u00cdS"},"content":{"rendered":"<p><iframe loading=\"lazy\" title=\"Panela\u00e7o - manifesta\u00e7\u00e3o contr\u00e1ria \u00e0 Dilma\" width=\"500\" height=\"281\" src=\"https:\/\/www.youtube.com\/embed\/ir1xp1iJ7xU?feature=oembed\" frameborder=\"0\" allow=\"accelerometer; autoplay; clipboard-write; encrypted-media; gyroscope; picture-in-picture; web-share\" referrerpolicy=\"strict-origin-when-cross-origin\" allowfullscreen><\/iframe><\/p>\n<p>Durante o pronunciamento da presidente Dilma Rousseff, na noite deste domingo, um enorme &#8216;panela\u00e7o&#8217; tomou conta das principais cidades do pa\u00eds, como S\u00e3o Paulo, Rio, Belo horizonte, Curitiba, Fortaleza, Salvador, dentre outras.<\/p>\n<p><img loading=\"lazy\" decoding=\"async\" class=\" aligncenter\" src=\"http:\/\/img.blogdoanderson.com\/2015\/03\/dilma-em-pronunciamento-420x267.jpg\" alt=\"Foto: Reprodu\u00e7\u00e3o\" width=\"500\" height=\"318\" \/><\/p>\n<p>Mais uma vez a popula\u00e7\u00e3o n\u00e3o engoliu as desculpas da &#8216;presidenta&#8217;, cuja situa\u00e7\u00e3o pol\u00edtica se complica, a cada dia. Dilma est\u00e1 na maior saia justa e Lula tem contribu\u00eddo muito para isto, falando cargas d&#8217;\u00e1gua e fazendo amea\u00e7as.<\/p>\n<p>Onde isto vai parar?<\/p>\n<p><strong><em>Por Davi Ferraz<\/em><\/strong><\/p>\n<p><img decoding=\"async\" class=\"aligncenter\" src=\"http:\/\/www.sudoestehoje.com.br\/novoportal\/wp-content\/uploads\/2014\/12\/skala-novo.jpg\" alt=\"skala novo\" \/><\/p>\n","protected":false},"excerpt":{"rendered":"<p>Durante o pronunciamento da presidente Dilma Rousseff, na noite deste domingo, um enorme &#8216;panela\u00e7o&#8217; tomou conta das principais cidades do pa\u00eds, como S\u00e3o Paulo, Rio, Belo horizonte, Curitiba, Fortaleza, Salvador, dentre outras. Mais uma vez a popula\u00e7\u00e3o n\u00e3o engoliu as desculpas da &#8216;presidenta&#8217;, cuja situa\u00e7\u00e3o pol\u00edtica se complica, a cada dia. Dilma est\u00e1 na maior [&hellip;]<\/p>\n","protected":false},"author":2,"featured_media":47404,"comment_status":"open","ping_status":"open","sticky":false,"template":"","format":"standard","meta":{"footnotes":"","_links_to":"","_links_to_target":""},"categories":[1],"tags":[],"class_list":["post-47402","post","type-post","status-publish","format-standard","has-post-thumbnail","hentry","category-geral"],"views":1338,"_links":{"self":[{"href":"https:\/\/www.sudoestehoje.com.br\/novoportal\/wp-json\/wp\/v2\/posts\/47402","targetHints":{"allow":["GET"]}}],"collection":[{"href":"https:\/\/www.sudoestehoje.com.br\/novoportal\/wp-json\/wp\/v2\/posts"}],"about":[{"href":"https:\/\/www.sudoestehoje.com.br\/novoportal\/wp-json\/wp\/v2\/types\/post"}],"author":[{"embeddable":true,"href":"https:\/\/www.sudoestehoje.com.br\/novoportal\/wp-json\/wp\/v2\/users\/2"}],"replies":[{"embeddable":true,"href":"https:\/\/www.sudoestehoje.com.br\/novoportal\/wp-json\/wp\/v2\/comments?post=47402"}],"version-history":[{"count":5,"href":"https:\/\/www.sudoestehoje.com.br\/novoportal\/wp-json\/wp\/v2\/posts\/47402\/revisions"}],"predecessor-version":[{"id":47429,"href":"https:\/\/www.sudoestehoje.com.br\/novoportal\/wp-json\/wp\/v2\/posts\/47402\/revisions\/47429"}],"wp:featuredmedia":[{"embeddable":true,"href":"https:\/\/www.sudoestehoje.com.br\/novoportal\/wp-json\/wp\/v2\/media\/47404"}],"wp:attachment":[{"href":"https:\/\/www.sudoestehoje.com.br\/novoportal\/wp-json\/wp\/v2\/media?parent=47402"}],"wp:term":[{"taxonomy":"category","embeddable":true,"href":"https:\/\/www.sudoestehoje.com.br\/novoportal\/wp-json\/wp\/v2\/categories?post=47402"},{"taxonomy":"post_tag","embeddable":true,"href":"https:\/\/www.sudoestehoje.com.br\/novoportal\/wp-json\/wp\/v2\/tags?post=47402"}],"curies":[{"name":"wp","href":"https:\/\/api.w.org\/{rel}","templated":true}]}}