
{"id":47388,"date":"2015-03-09T00:01:54","date_gmt":"2015-03-09T03:01:54","guid":{"rendered":"http:\/\/www.sudoestehoje.com.br\/novoportal\/?p=47388"},"modified":"2015-03-09T17:43:32","modified_gmt":"2015-03-09T20:43:32","slug":"sem-o-derba-quem-vai-fazer-o-servico","status":"publish","type":"post","link":"https:\/\/www.sudoestehoje.com.br\/novoportal\/2015\/03\/09\/sem-o-derba-quem-vai-fazer-o-servico\/","title":{"rendered":"SEM O DERBA, QUEM VAI FAZER O SERVI\u00c7O?"},"content":{"rendered":"<div id=\"attachment_47390\" style=\"width: 510px\" class=\"wp-caption aligncenter\"><a href=\"http:\/\/www.sudoestehoje.com.br\/novoportal\/wp-content\/uploads\/2015\/03\/sem-o-Derba.jpg\"><img loading=\"lazy\" decoding=\"async\" aria-describedby=\"caption-attachment-47390\" class=\"size-medium wp-image-47390\" src=\"http:\/\/www.sudoestehoje.com.br\/novoportal\/wp-content\/uploads\/2015\/03\/sem-o-Derba-500x300.jpg\" alt=\"Pista da Av. Isai Amorim j\u00e1 est\u00e1 esburacada e n\u00e3o temos mais o Derba para fazer a manuten\u00e7\u00e3o.\" width=\"500\" height=\"300\" srcset=\"https:\/\/www.sudoestehoje.com.br\/novoportal\/wp-content\/uploads\/2015\/03\/sem-o-Derba-500x300.jpg 500w, https:\/\/www.sudoestehoje.com.br\/novoportal\/wp-content\/uploads\/2015\/03\/sem-o-Derba-700x420.jpg 700w, https:\/\/www.sudoestehoje.com.br\/novoportal\/wp-content\/uploads\/2015\/03\/sem-o-Derba-150x90.jpg 150w, https:\/\/www.sudoestehoje.com.br\/novoportal\/wp-content\/uploads\/2015\/03\/sem-o-Derba.jpg 960w\" sizes=\"auto, (max-width: 500px) 100vw, 500px\" \/><\/a><p id=\"caption-attachment-47390\" class=\"wp-caption-text\">Pista da Av. Isai Amorim j\u00e1 est\u00e1 esburacada e n\u00e3o temos mais o Derba para fazer a manuten\u00e7\u00e3o.<\/p><\/div>\n<p>Durante d\u00e9cadas, o Derba prestou relevantes servi\u00e7os ao Estado, fazendo a manuten\u00e7\u00e3o das estradas e vias acessos \u00e0s cidades, como a Avenida Isai Amorim, no trecho entre o Parque de Exposi\u00e7\u00f5es e a 7\u00aa Resid\u00eancia do extinto \u00f3rg\u00e3o, que sempre recebia aten\u00e7\u00e3o, com as peri\u00f3dicas opera\u00e7\u00f5es tapa buracos.<\/p>\n<p>Mesmo sucateado e sem recursos, o Derba em Itapetinga auxiliava a administra\u00e7\u00e3o municipal, pavimentando ruas e estradas, como fez na via de acesso ao Residencial Jos\u00e9 Ivo, entrada do Recanto da Colina, at\u00e9 a Cooedita e acesso da APAE.<\/p>\n<p>Nos per\u00edodos de Exposi\u00e7\u00e3o, o Derba fazia a restaura\u00e7\u00e3o da pista at\u00e9 o Parque Juvino Oliveira, tapando os buracos, limpando o acostamento e ro\u00e7ando o matagal do aeroporto, o que n\u00e3o poder\u00e1 mais ser feito, j\u00e1 que o \u00f3rg\u00e3o foi extinto pelo governador Rui Costa.<\/p>\n<p>E agora, vamos ter que esperar pela &#8216;boa vontade&#8217; do nosso diligente prefeito?<\/p>\n<p><strong><em>Por Davi Ferraz<\/em><\/strong><\/p>\n<p><img decoding=\"async\" class=\"aligncenter\" src=\"http:\/\/www.sudoestehoje.com.br\/novoportal\/wp-content\/uploads\/2014\/12\/skala-novo.jpg\" alt=\"skala novo\" \/><\/p>\n<p>&nbsp;<\/p>\n","protected":false},"excerpt":{"rendered":"<p>Durante d\u00e9cadas, o Derba prestou relevantes servi\u00e7os ao Estado, fazendo a manuten\u00e7\u00e3o das estradas e vias acessos \u00e0s cidades, como a Avenida Isai Amorim, no trecho entre o Parque de Exposi\u00e7\u00f5es e a 7\u00aa Resid\u00eancia do extinto \u00f3rg\u00e3o, que sempre recebia aten\u00e7\u00e3o, com as peri\u00f3dicas opera\u00e7\u00f5es tapa buracos. Mesmo sucateado e sem recursos, o Derba [&hellip;]<\/p>\n","protected":false},"author":2,"featured_media":0,"comment_status":"open","ping_status":"open","sticky":false,"template":"","format":"standard","meta":{"footnotes":"","_links_to":"","_links_to_target":""},"categories":[1],"tags":[],"class_list":["post-47388","post","type-post","status-publish","format-standard","hentry","category-geral"],"views":1427,"_links":{"self":[{"href":"https:\/\/www.sudoestehoje.com.br\/novoportal\/wp-json\/wp\/v2\/posts\/47388","targetHints":{"allow":["GET"]}}],"collection":[{"href":"https:\/\/www.sudoestehoje.com.br\/novoportal\/wp-json\/wp\/v2\/posts"}],"about":[{"href":"https:\/\/www.sudoestehoje.com.br\/novoportal\/wp-json\/wp\/v2\/types\/post"}],"author":[{"embeddable":true,"href":"https:\/\/www.sudoestehoje.com.br\/novoportal\/wp-json\/wp\/v2\/users\/2"}],"replies":[{"embeddable":true,"href":"https:\/\/www.sudoestehoje.com.br\/novoportal\/wp-json\/wp\/v2\/comments?post=47388"}],"version-history":[{"count":3,"href":"https:\/\/www.sudoestehoje.com.br\/novoportal\/wp-json\/wp\/v2\/posts\/47388\/revisions"}],"predecessor-version":[{"id":47396,"href":"https:\/\/www.sudoestehoje.com.br\/novoportal\/wp-json\/wp\/v2\/posts\/47388\/revisions\/47396"}],"wp:attachment":[{"href":"https:\/\/www.sudoestehoje.com.br\/novoportal\/wp-json\/wp\/v2\/media?parent=47388"}],"wp:term":[{"taxonomy":"category","embeddable":true,"href":"https:\/\/www.sudoestehoje.com.br\/novoportal\/wp-json\/wp\/v2\/categories?post=47388"},{"taxonomy":"post_tag","embeddable":true,"href":"https:\/\/www.sudoestehoje.com.br\/novoportal\/wp-json\/wp\/v2\/tags?post=47388"}],"curies":[{"name":"wp","href":"https:\/\/api.w.org\/{rel}","templated":true}]}}