
{"id":47371,"date":"2015-03-08T12:29:05","date_gmt":"2015-03-08T15:29:05","guid":{"rendered":"http:\/\/www.sudoestehoje.com.br\/novoportal\/?p=47371"},"modified":"2015-03-09T17:49:53","modified_gmt":"2015-03-09T20:49:53","slug":"a-tarde-possibilidade-de-fusao-entre-dem-e-ptb-e-concreta","status":"publish","type":"post","link":"https:\/\/www.sudoestehoje.com.br\/novoportal\/2015\/03\/08\/a-tarde-possibilidade-de-fusao-entre-dem-e-ptb-e-concreta\/","title":{"rendered":"A TARDE: POSSIBILIDADE DE FUS\u00c3O ENTRE DEM E PTB \u00c9 CONCRETA"},"content":{"rendered":"<p><a href=\"http:\/\/www.sudoestehoje.com.br\/novoportal\/wp-content\/uploads\/2015\/03\/DEM-PTB.jpg\"><img loading=\"lazy\" decoding=\"async\" class=\"aligncenter  wp-image-47372\" src=\"http:\/\/www.sudoestehoje.com.br\/novoportal\/wp-content\/uploads\/2015\/03\/DEM-PTB.jpg\" alt=\"DEM PTB\" width=\"499\" height=\"368\" srcset=\"https:\/\/www.sudoestehoje.com.br\/novoportal\/wp-content\/uploads\/2015\/03\/DEM-PTB.jpg 380w, https:\/\/www.sudoestehoje.com.br\/novoportal\/wp-content\/uploads\/2015\/03\/DEM-PTB-150x111.jpg 150w\" sizes=\"auto, (max-width: 499px) 100vw, 499px\" \/><\/a><\/p>\n<p>Os rumores sobre a fus\u00e3o entre o Democratas (DEM) e o Partido Trabalhista Brasileiro (PTB) j\u00e1 est\u00e3o ganhando forma. Segundo publicado na coluna Tempo Presente, do jornal A Tarde, neste domingo (8), as conversas est\u00e3o bem adiantadas e a possibilidade \u00e9 concreta. &#8220;O PTB tem 25 deputados federais e tr\u00eas senadores, e o DEM, 21 deputados e cinco senadores. Com a fus\u00e3o, ser\u00edamos o quarto ou quinto partido do pa\u00eds&#8221;, afirmou \u00e0 publica\u00e7\u00e3o o deputado federal Benito Gama (PTB).<\/p>\n<p>A quest\u00e3o tem como impasse o direcionamento pol\u00edtico de cada partido &#8211; o PTB \u00e9 situacionista, enquanto que o DEM faz oposi\u00e7\u00e3o ao governo. Sobre o assunto, Benito Gama disse que, no plano federal, os deputados que apoiaram Dilma (PT) querem que o partido fique com o governo, enquanto que os eleitores de A\u00e9cio (PSDB) preferem a oposi\u00e7\u00e3o.\u00a0No entanto, a tend\u00eancia, segundo o deputado, \u00e9 a sigla decidir pela independ\u00eancia.<\/p>\n<p>O prefeito de Salvador, ACM Neto (DEM), esteve em Bras\u00edlia na \u00faltima quinta-feira (5) para discutir a crise pol\u00edtica que o governo petista atravessa e para tratar da fus\u00e3o do DEM com o PTB. Os dois partidos ainda estariam alinhando os discursos em cada estado, para ver se h\u00e1 a possibilidade de fundir as siglas. Segundo Benito Gama, dos 27 estados, s\u00f3 existe problemas em sete. A Bahia \u00e9 um dos vinte.<\/p>\n<p><img decoding=\"async\" class=\"aligncenter\" src=\"http:\/\/www.sudoestehoje.com.br\/novoportal\/wp-content\/uploads\/2014\/11\/RAMOS-PNEUS-HORIZONTAL-500x332.jpg\" alt=\"RAMOS PNEUS HORIZONTAL\" \/><\/p>\n","protected":false},"excerpt":{"rendered":"<p>Os rumores sobre a fus\u00e3o entre o Democratas (DEM) e o Partido Trabalhista Brasileiro (PTB) j\u00e1 est\u00e3o ganhando forma. Segundo publicado na coluna Tempo Presente, do jornal A Tarde, neste domingo (8), as conversas est\u00e3o bem adiantadas e a possibilidade \u00e9 concreta. &#8220;O PTB tem 25 deputados federais e tr\u00eas senadores, e o DEM, 21 [&hellip;]<\/p>\n","protected":false},"author":2,"featured_media":0,"comment_status":"open","ping_status":"open","sticky":false,"template":"","format":"standard","meta":{"footnotes":"","_links_to":"","_links_to_target":""},"categories":[1],"tags":[],"class_list":["post-47371","post","type-post","status-publish","format-standard","hentry","category-geral"],"views":1286,"_links":{"self":[{"href":"https:\/\/www.sudoestehoje.com.br\/novoportal\/wp-json\/wp\/v2\/posts\/47371","targetHints":{"allow":["GET"]}}],"collection":[{"href":"https:\/\/www.sudoestehoje.com.br\/novoportal\/wp-json\/wp\/v2\/posts"}],"about":[{"href":"https:\/\/www.sudoestehoje.com.br\/novoportal\/wp-json\/wp\/v2\/types\/post"}],"author":[{"embeddable":true,"href":"https:\/\/www.sudoestehoje.com.br\/novoportal\/wp-json\/wp\/v2\/users\/2"}],"replies":[{"embeddable":true,"href":"https:\/\/www.sudoestehoje.com.br\/novoportal\/wp-json\/wp\/v2\/comments?post=47371"}],"version-history":[{"count":3,"href":"https:\/\/www.sudoestehoje.com.br\/novoportal\/wp-json\/wp\/v2\/posts\/47371\/revisions"}],"predecessor-version":[{"id":47401,"href":"https:\/\/www.sudoestehoje.com.br\/novoportal\/wp-json\/wp\/v2\/posts\/47371\/revisions\/47401"}],"wp:attachment":[{"href":"https:\/\/www.sudoestehoje.com.br\/novoportal\/wp-json\/wp\/v2\/media?parent=47371"}],"wp:term":[{"taxonomy":"category","embeddable":true,"href":"https:\/\/www.sudoestehoje.com.br\/novoportal\/wp-json\/wp\/v2\/categories?post=47371"},{"taxonomy":"post_tag","embeddable":true,"href":"https:\/\/www.sudoestehoje.com.br\/novoportal\/wp-json\/wp\/v2\/tags?post=47371"}],"curies":[{"name":"wp","href":"https:\/\/api.w.org\/{rel}","templated":true}]}}