
{"id":47361,"date":"2015-03-07T19:55:42","date_gmt":"2015-03-07T22:55:42","guid":{"rendered":"http:\/\/www.sudoestehoje.com.br\/novoportal\/?p=47361"},"modified":"2015-03-07T20:39:05","modified_gmt":"2015-03-07T23:39:05","slug":"sindiverdade-presta-homenagem-ao-dia-internacional-da-mulher","status":"publish","type":"post","link":"https:\/\/www.sudoestehoje.com.br\/novoportal\/2015\/03\/07\/sindiverdade-presta-homenagem-ao-dia-internacional-da-mulher\/","title":{"rendered":"SINDIVERDADE PRESTA HOMENAGEM AO DIA INTERNACIONAL DA MULHER"},"content":{"rendered":"<p><a href=\"http:\/\/www.sudoestehoje.com.br\/novoportal\/wp-content\/uploads\/2015\/03\/sindicato-de-verdade.jpg\"><img loading=\"lazy\" decoding=\"async\" class=\"aligncenter  wp-image-47362\" src=\"http:\/\/www.sudoestehoje.com.br\/novoportal\/wp-content\/uploads\/2015\/03\/sindicato-de-verdade.jpg\" alt=\"sindicato de verdade\" width=\"300\" height=\"377\" srcset=\"https:\/\/www.sudoestehoje.com.br\/novoportal\/wp-content\/uploads\/2015\/03\/sindicato-de-verdade.jpg 175w, https:\/\/www.sudoestehoje.com.br\/novoportal\/wp-content\/uploads\/2015\/03\/sindicato-de-verdade-119x150.jpg 119w\" sizes=\"auto, (max-width: 300px) 100vw, 300px\" \/><\/a><\/p>\n<p>A hist\u00f3ria do mundo nunca presenciou MULHERES como as de hoje, com exce\u00e7\u00e3o de grandes nomes, por\u00e9m poucos, no universo feminino. A imagina\u00e7\u00e3o e a vontade das mulheres as colocam como superiores no mundo civilizado e, somente descartando os absolutismos preconceituosos de alguns pa\u00edses do mundo, a voz feminina ecoa em todos os setores sociais, e n\u00e3o poderia ser diferente no ambiente de trabalho. \u00c0s mulheres trabalhadoras, mulheres guerreiras, mulheres m\u00e3es, enfim, MULHERES. PARAB\u00c9NS por esse dia 08 de mar\u00e7o e por todos os outros 364 dias do ano. \u00c0 voc\u00eas, MULHERES, trabalhadoras, que lutam com paix\u00e3o em casa, no trabalho, na sociedade, nossa eterna gratid\u00e3o por acompanhar as lutas da classe e da categoria. A voc\u00eas, MULHERES, que s\u00e3o v\u00edtimas de preconceitos, agress\u00f5es f\u00edsicas e morais, nosso cont\u00ednuo aux\u00edlio para buscar a cada dia mais acabar com essas injusti\u00e7as sociais e morais. As mulheres s\u00e3o a l\u00f3gica do desenvolvimento econ\u00f4mico dos pa\u00edses, pois gra\u00e7as \u00e0 inser\u00e7\u00e3o das mesmas no mercado de trabalho a economia mundial assumiu novos contornos, melhorando em todos os aspectos de produ\u00e7\u00e3o e consumo. As mulheres s\u00e3o vers\u00e1teis e se adaptam \u00e0s condi\u00e7\u00f5es lhes apresentadas na ind\u00fastria, no com\u00e9rcio, nos servi\u00e7os, nos setores p\u00fablicos, na fam\u00edlia, na sociedade, enfim, voc\u00eas modificaram a forma do mundo com seus esp\u00edritos sens\u00edveis \u00e0s situa\u00e7\u00f5es e com a serenidade de enfrentar os problemas, pois usam a sensibilidade feminina ao inv\u00e9s da for\u00e7a.<\/p>\n<p>A diretoria do Sindicato de Verdade, deseja a todas as mulheres parab\u00e9ns pelos seus dia!.<\/p>\n<p>SINDICATO DE VERDADE SEMPRE NA LUTA DOS TRABALHORES.<\/p>\n","protected":false},"excerpt":{"rendered":"<p>A hist\u00f3ria do mundo nunca presenciou MULHERES como as de hoje, com exce\u00e7\u00e3o de grandes nomes, por\u00e9m poucos, no universo feminino. A imagina\u00e7\u00e3o e a vontade das mulheres as colocam como superiores no mundo civilizado e, somente descartando os absolutismos preconceituosos de alguns pa\u00edses do mundo, a voz feminina ecoa em todos os setores sociais, [&hellip;]<\/p>\n","protected":false},"author":2,"featured_media":0,"comment_status":"open","ping_status":"open","sticky":false,"template":"","format":"standard","meta":{"footnotes":"","_links_to":"","_links_to_target":""},"categories":[1],"tags":[],"class_list":["post-47361","post","type-post","status-publish","format-standard","hentry","category-geral"],"views":1290,"_links":{"self":[{"href":"https:\/\/www.sudoestehoje.com.br\/novoportal\/wp-json\/wp\/v2\/posts\/47361","targetHints":{"allow":["GET"]}}],"collection":[{"href":"https:\/\/www.sudoestehoje.com.br\/novoportal\/wp-json\/wp\/v2\/posts"}],"about":[{"href":"https:\/\/www.sudoestehoje.com.br\/novoportal\/wp-json\/wp\/v2\/types\/post"}],"author":[{"embeddable":true,"href":"https:\/\/www.sudoestehoje.com.br\/novoportal\/wp-json\/wp\/v2\/users\/2"}],"replies":[{"embeddable":true,"href":"https:\/\/www.sudoestehoje.com.br\/novoportal\/wp-json\/wp\/v2\/comments?post=47361"}],"version-history":[{"count":2,"href":"https:\/\/www.sudoestehoje.com.br\/novoportal\/wp-json\/wp\/v2\/posts\/47361\/revisions"}],"predecessor-version":[{"id":47364,"href":"https:\/\/www.sudoestehoje.com.br\/novoportal\/wp-json\/wp\/v2\/posts\/47361\/revisions\/47364"}],"wp:attachment":[{"href":"https:\/\/www.sudoestehoje.com.br\/novoportal\/wp-json\/wp\/v2\/media?parent=47361"}],"wp:term":[{"taxonomy":"category","embeddable":true,"href":"https:\/\/www.sudoestehoje.com.br\/novoportal\/wp-json\/wp\/v2\/categories?post=47361"},{"taxonomy":"post_tag","embeddable":true,"href":"https:\/\/www.sudoestehoje.com.br\/novoportal\/wp-json\/wp\/v2\/tags?post=47361"}],"curies":[{"name":"wp","href":"https:\/\/api.w.org\/{rel}","templated":true}]}}