
{"id":47347,"date":"2015-03-07T11:17:52","date_gmt":"2015-03-07T14:17:52","guid":{"rendered":"http:\/\/www.sudoestehoje.com.br\/novoportal\/?p=47347"},"modified":"2015-03-07T12:43:57","modified_gmt":"2015-03-07T15:43:57","slug":"na-lista-do-lava-jato-vice-governador-diz-que-esta-cagando-e-andando","status":"publish","type":"post","link":"https:\/\/www.sudoestehoje.com.br\/novoportal\/2015\/03\/07\/na-lista-do-lava-jato-vice-governador-diz-que-esta-cagando-e-andando\/","title":{"rendered":"NA LISTA DO LAVA JATO, VICE-GOVERNADOR DIZ QUE EST\u00c1 &#8220;CAGANDO E ANDANDO&#8221;"},"content":{"rendered":"<p><a href=\"http:\/\/www.sudoestehoje.com.br\/novoportal\/wp-content\/uploads\/2015\/03\/jo\u00e3o-cag\u00e3o.jpg\"><img loading=\"lazy\" decoding=\"async\" class=\"aligncenter  wp-image-47348\" src=\"http:\/\/www.sudoestehoje.com.br\/novoportal\/wp-content\/uploads\/2015\/03\/jo\u00e3o-cag\u00e3o-500x306.jpg\" alt=\"jo\u00e3o cag\u00e3o\" width=\"500\" height=\"306\" srcset=\"https:\/\/www.sudoestehoje.com.br\/novoportal\/wp-content\/uploads\/2015\/03\/jo\u00e3o-cag\u00e3o.jpg 500w, https:\/\/www.sudoestehoje.com.br\/novoportal\/wp-content\/uploads\/2015\/03\/jo\u00e3o-cag\u00e3o-150x92.jpg 150w\" sizes=\"auto, (max-width: 500px) 100vw, 500px\" \/><\/a><\/p>\n<p>O vice-governador da Bahia, Jo\u00e3o Le\u00e3o (PP), teve seu nome na <a href=\"http:\/\/varelanoticias.com.br\/urgente-lista-do-lava-jato-reune-maiores-autoridades-do-congresso-nacional-confira-os-nomes\/\" target=\"_blank\">lista dos envolvidos no Lava Jato<\/a>, que foi divulgada pelo Superior Tribunal Federal (STF), na noite desta sexta-feira (6).<\/p>\n<p>Ao se manifestar sobre o caso, Le\u00e3o disse n\u00e3o entender o motivo de estar inclu\u00eddo nas investiga\u00e7\u00f5es. \u201cNem conhecia esse povo\u201d, garantiu o vice-governador, em nota. Ele continuou afirmando que ficou surpreso com a indica\u00e7\u00e3o, mas revelou estar \u201ccagando e andando, no bom portugu\u00eas, na cabe\u00e7a desses cornos todos\u201d, fazendo refer\u00eancias aos que citaram ele durante as apura\u00e7\u00f5es.<\/p>\n<p><em><strong>Leia a nota na \u00edntegra:<\/strong><\/em><\/p>\n<p>\u201cEstou t\u00e3o surpreso quanto tantos outros,n\u00e3o sei porque meu nome saiu. Nem conhecia esse povo. Acredito que pode ter sido por ter recebido recursos em 2010 das empresas que est\u00e3o envolvidas na opera\u00e7\u00e3o. Mas, botar meu nome numa zorra dessas? N\u00e3o entendo. O que pode ser feito \u00e9 esperar ser citado e me defender. Estou cagando e andando, no bom portugu\u00eas, na cabe\u00e7a desses cornos todos. Sou um cara s\u00e9rio, bato no meu peito e n\u00e3o tenho culpa. Segunda-feira vou para Bras\u00edlia saber porque estou envolvido [&#8230;] Recebi recursos da OAS [em 2010] mas quem recebeu recursos legais, na conta legal, tem culpa?\u201d.<\/p>\n<p>Na minha modesta opini\u00e3o, e em &#8216;bom portugu\u00eas&#8217;, acho que esse fanfarr\u00e3o, bem l\u00e1 no fundo, est\u00e1 mesmo \u00e9 se cagando de medo&#8230;<\/p>\n<p><strong><em>Davi Ferraz\u00a0<\/em><\/strong>(com informa\u00e7\u00f5es do Varela Not\u00edcias)<\/p>\n<p><img loading=\"lazy\" decoding=\"async\" class=\"aligncenter\" src=\"http:\/\/2.bp.blogspot.com\/-70-eOs__L20\/VPCyusPhXRI\/AAAAAAAACAQ\/KHorKekdACs\/s640\/tarug%C3%A3o1.jpg\" alt=\"\" width=\"501\" height=\"141\" \/><\/p>\n","protected":false},"excerpt":{"rendered":"<p>O vice-governador da Bahia, Jo\u00e3o Le\u00e3o (PP), teve seu nome na lista dos envolvidos no Lava Jato, que foi divulgada pelo Superior Tribunal Federal (STF), na noite desta sexta-feira (6). Ao se manifestar sobre o caso, Le\u00e3o disse n\u00e3o entender o motivo de estar inclu\u00eddo nas investiga\u00e7\u00f5es. \u201cNem conhecia esse povo\u201d, garantiu o vice-governador, em [&hellip;]<\/p>\n","protected":false},"author":2,"featured_media":0,"comment_status":"open","ping_status":"open","sticky":false,"template":"","format":"standard","meta":{"footnotes":"","_links_to":"","_links_to_target":""},"categories":[1],"tags":[],"class_list":["post-47347","post","type-post","status-publish","format-standard","hentry","category-geral"],"views":1822,"_links":{"self":[{"href":"https:\/\/www.sudoestehoje.com.br\/novoportal\/wp-json\/wp\/v2\/posts\/47347","targetHints":{"allow":["GET"]}}],"collection":[{"href":"https:\/\/www.sudoestehoje.com.br\/novoportal\/wp-json\/wp\/v2\/posts"}],"about":[{"href":"https:\/\/www.sudoestehoje.com.br\/novoportal\/wp-json\/wp\/v2\/types\/post"}],"author":[{"embeddable":true,"href":"https:\/\/www.sudoestehoje.com.br\/novoportal\/wp-json\/wp\/v2\/users\/2"}],"replies":[{"embeddable":true,"href":"https:\/\/www.sudoestehoje.com.br\/novoportal\/wp-json\/wp\/v2\/comments?post=47347"}],"version-history":[{"count":6,"href":"https:\/\/www.sudoestehoje.com.br\/novoportal\/wp-json\/wp\/v2\/posts\/47347\/revisions"}],"predecessor-version":[{"id":47357,"href":"https:\/\/www.sudoestehoje.com.br\/novoportal\/wp-json\/wp\/v2\/posts\/47347\/revisions\/47357"}],"wp:attachment":[{"href":"https:\/\/www.sudoestehoje.com.br\/novoportal\/wp-json\/wp\/v2\/media?parent=47347"}],"wp:term":[{"taxonomy":"category","embeddable":true,"href":"https:\/\/www.sudoestehoje.com.br\/novoportal\/wp-json\/wp\/v2\/categories?post=47347"},{"taxonomy":"post_tag","embeddable":true,"href":"https:\/\/www.sudoestehoje.com.br\/novoportal\/wp-json\/wp\/v2\/tags?post=47347"}],"curies":[{"name":"wp","href":"https:\/\/api.w.org\/{rel}","templated":true}]}}