
{"id":47342,"date":"2015-03-07T00:21:46","date_gmt":"2015-03-07T03:21:46","guid":{"rendered":"http:\/\/www.sudoestehoje.com.br\/novoportal\/?p=47342"},"modified":"2015-03-07T12:45:18","modified_gmt":"2015-03-07T15:45:18","slug":"radio-uesb-fm-sera-implantada-em-itapetinga-e-jequie","status":"publish","type":"post","link":"https:\/\/www.sudoestehoje.com.br\/novoportal\/2015\/03\/07\/radio-uesb-fm-sera-implantada-em-itapetinga-e-jequie\/","title":{"rendered":"R\u00c1DIO UESB FM SER\u00c1 IMPLANTADA EM ITAPETINGA E JEQUI\u00c9"},"content":{"rendered":"<p><a href=\"http:\/\/www.sudoestehoje.com.br\/novoportal\/wp-content\/uploads\/2015\/03\/uesb_fm_3anos.jpg\"><img loading=\"lazy\" decoding=\"async\" class=\"  wp-image-47343 alignleft\" src=\"http:\/\/www.sudoestehoje.com.br\/novoportal\/wp-content\/uploads\/2015\/03\/uesb_fm_3anos.jpg\" alt=\"uesb_fm_3anos\" width=\"300\" height=\"226\" srcset=\"https:\/\/www.sudoestehoje.com.br\/novoportal\/wp-content\/uploads\/2015\/03\/uesb_fm_3anos.jpg 239w, https:\/\/www.sudoestehoje.com.br\/novoportal\/wp-content\/uploads\/2015\/03\/uesb_fm_3anos-150x113.jpg 150w\" sizes=\"auto, (max-width: 300px) 100vw, 300px\" \/><\/a><\/p>\n<p>H\u00e1 cinco anos, a Universidade do Sudoeste da Bahia (Uesb) conquistava mais um espa\u00e7o de comunica\u00e7\u00e3o com a implanta\u00e7\u00e3o, no munic\u00edpio de Vit\u00f3ria da Conquista, da Uesb FM 97,5. Para marcar o compromisso com o sistema de educa\u00e7\u00e3o e o processo de informa\u00e7\u00e3o e difus\u00e3o do conhecimento para toda a regi\u00e3o, a emissora pretende formar a Rede Uesb de R\u00e1dio, prevendo ampliar para dois os milh\u00f5es o n\u00famero de ouvintes.<\/p>\n<p>Resultado de um projeto desenvolvido pela administra\u00e7\u00e3o da institui\u00e7\u00e3o, a emissora, que possui 16 profissionais envolvidos diretamente, foi a primeira r\u00e1dio educativa gerida por uma universidade do interior do Nordeste brasileiro. Com 24 horas de produ\u00e7\u00e3o local, a Uesb FM trabalha, diariamente, no sentido de promover a educa\u00e7\u00e3o e a cultura regional em seus diversos programas.<\/p>\n<p>\u201cSomos em tr\u00eas campi e estaremos com tr\u00eas r\u00e1dios ligadas em uma s\u00f3 rede, com as concess\u00f5es em Itapetinga e Jequi\u00e9, sintonizadas nas frequ\u00eancias 106,1 e 106,7, respectivamente\u201d, explica o diretor-geral do Sistema Uesb de R\u00e1dio e TV Educativas (Surte), Alvino Brito.<\/p>\n<p><img loading=\"lazy\" decoding=\"async\" class=\"aligncenter\" src=\"http:\/\/www.blogdotarugao.com.br\/v1\/wp-content\/uploads\/2015\/01\/Banner-Rezende.png\" alt=\"\" width=\"501\" height=\"163\" \/><\/p>\n","protected":false},"excerpt":{"rendered":"<p>H\u00e1 cinco anos, a Universidade do Sudoeste da Bahia (Uesb) conquistava mais um espa\u00e7o de comunica\u00e7\u00e3o com a implanta\u00e7\u00e3o, no munic\u00edpio de Vit\u00f3ria da Conquista, da Uesb FM 97,5. Para marcar o compromisso com o sistema de educa\u00e7\u00e3o e o processo de informa\u00e7\u00e3o e difus\u00e3o do conhecimento para toda a regi\u00e3o, a emissora pretende formar [&hellip;]<\/p>\n","protected":false},"author":2,"featured_media":0,"comment_status":"open","ping_status":"open","sticky":false,"template":"","format":"standard","meta":{"footnotes":"","_links_to":"","_links_to_target":""},"categories":[1],"tags":[],"class_list":["post-47342","post","type-post","status-publish","format-standard","hentry","category-geral"],"views":1418,"_links":{"self":[{"href":"https:\/\/www.sudoestehoje.com.br\/novoportal\/wp-json\/wp\/v2\/posts\/47342","targetHints":{"allow":["GET"]}}],"collection":[{"href":"https:\/\/www.sudoestehoje.com.br\/novoportal\/wp-json\/wp\/v2\/posts"}],"about":[{"href":"https:\/\/www.sudoestehoje.com.br\/novoportal\/wp-json\/wp\/v2\/types\/post"}],"author":[{"embeddable":true,"href":"https:\/\/www.sudoestehoje.com.br\/novoportal\/wp-json\/wp\/v2\/users\/2"}],"replies":[{"embeddable":true,"href":"https:\/\/www.sudoestehoje.com.br\/novoportal\/wp-json\/wp\/v2\/comments?post=47342"}],"version-history":[{"count":3,"href":"https:\/\/www.sudoestehoje.com.br\/novoportal\/wp-json\/wp\/v2\/posts\/47342\/revisions"}],"predecessor-version":[{"id":47358,"href":"https:\/\/www.sudoestehoje.com.br\/novoportal\/wp-json\/wp\/v2\/posts\/47342\/revisions\/47358"}],"wp:attachment":[{"href":"https:\/\/www.sudoestehoje.com.br\/novoportal\/wp-json\/wp\/v2\/media?parent=47342"}],"wp:term":[{"taxonomy":"category","embeddable":true,"href":"https:\/\/www.sudoestehoje.com.br\/novoportal\/wp-json\/wp\/v2\/categories?post=47342"},{"taxonomy":"post_tag","embeddable":true,"href":"https:\/\/www.sudoestehoje.com.br\/novoportal\/wp-json\/wp\/v2\/tags?post=47342"}],"curies":[{"name":"wp","href":"https:\/\/api.w.org\/{rel}","templated":true}]}}