
{"id":47315,"date":"2015-03-06T17:24:55","date_gmt":"2015-03-06T20:24:55","guid":{"rendered":"http:\/\/www.sudoestehoje.com.br\/novoportal\/?p=47315"},"modified":"2015-03-06T17:47:35","modified_gmt":"2015-03-06T20:47:35","slug":"vila-rosa-pede-socorro","status":"publish","type":"post","link":"https:\/\/www.sudoestehoje.com.br\/novoportal\/2015\/03\/06\/vila-rosa-pede-socorro\/","title":{"rendered":"VILA ROSA PEDE SOCORRO"},"content":{"rendered":"<p><a href=\"http:\/\/www.sudoestehoje.com.br\/novoportal\/wp-content\/uploads\/2015\/03\/vila-rosa.jpg\"><img loading=\"lazy\" decoding=\"async\" class=\"aligncenter size-medium wp-image-47316\" src=\"http:\/\/www.sudoestehoje.com.br\/novoportal\/wp-content\/uploads\/2015\/03\/vila-rosa-394x700.jpg\" alt=\"vila rosa\" width=\"394\" height=\"700\" srcset=\"https:\/\/www.sudoestehoje.com.br\/novoportal\/wp-content\/uploads\/2015\/03\/vila-rosa-394x700.jpg 394w, https:\/\/www.sudoestehoje.com.br\/novoportal\/wp-content\/uploads\/2015\/03\/vila-rosa-84x150.jpg 84w, https:\/\/www.sudoestehoje.com.br\/novoportal\/wp-content\/uploads\/2015\/03\/vila-rosa.jpg 480w\" sizes=\"auto, (max-width: 394px) 100vw, 394px\" \/><\/a><\/p>\n<p>Um dos bairros mais abandonados e esquecidos de Itapetinga, \u00e9 a Vila Rosa. Na atual administra\u00e7\u00e3o, o bairro regrediu e n\u00e3o recebeu nenhum benef\u00edcio da prefeitura, revoltando a popula\u00e7\u00e3o, que volta e meia pede socorro nas r\u00e1dios, blogs, rede sociais e outros meios.<\/p>\n<p>Como nada \u00e9 resolvido, os moradores agora resolveram chamar \u00e0 aten\u00e7\u00e3o do prefeito, afixando cartazes no meio das ruas esburacadas e abandonadas, para ver se algum milagre acontece.<\/p>\n<p>S\u00f3 um milagre mesmo&#8230;<\/p>\n<p><strong><em>Por Davi Ferraz\u00a0<\/em><\/strong><\/p>\n<p><img decoding=\"async\" class=\"aligncenter\" src=\"http:\/\/www.sudoestehoje.com.br\/novoportal\/wp-content\/uploads\/2014\/12\/Banner-Casabella-500x104.jpg\" alt=\"Banner Casabella\" \/><\/p>\n","protected":false},"excerpt":{"rendered":"<p>Um dos bairros mais abandonados e esquecidos de Itapetinga, \u00e9 a Vila Rosa. Na atual administra\u00e7\u00e3o, o bairro regrediu e n\u00e3o recebeu nenhum benef\u00edcio da prefeitura, revoltando a popula\u00e7\u00e3o, que volta e meia pede socorro nas r\u00e1dios, blogs, rede sociais e outros meios. Como nada \u00e9 resolvido, os moradores agora resolveram chamar \u00e0 aten\u00e7\u00e3o do [&hellip;]<\/p>\n","protected":false},"author":2,"featured_media":0,"comment_status":"open","ping_status":"open","sticky":false,"template":"","format":"standard","meta":{"footnotes":"","_links_to":"","_links_to_target":""},"categories":[1],"tags":[],"class_list":["post-47315","post","type-post","status-publish","format-standard","hentry","category-geral"],"views":1204,"_links":{"self":[{"href":"https:\/\/www.sudoestehoje.com.br\/novoportal\/wp-json\/wp\/v2\/posts\/47315","targetHints":{"allow":["GET"]}}],"collection":[{"href":"https:\/\/www.sudoestehoje.com.br\/novoportal\/wp-json\/wp\/v2\/posts"}],"about":[{"href":"https:\/\/www.sudoestehoje.com.br\/novoportal\/wp-json\/wp\/v2\/types\/post"}],"author":[{"embeddable":true,"href":"https:\/\/www.sudoestehoje.com.br\/novoportal\/wp-json\/wp\/v2\/users\/2"}],"replies":[{"embeddable":true,"href":"https:\/\/www.sudoestehoje.com.br\/novoportal\/wp-json\/wp\/v2\/comments?post=47315"}],"version-history":[{"count":3,"href":"https:\/\/www.sudoestehoje.com.br\/novoportal\/wp-json\/wp\/v2\/posts\/47315\/revisions"}],"predecessor-version":[{"id":47323,"href":"https:\/\/www.sudoestehoje.com.br\/novoportal\/wp-json\/wp\/v2\/posts\/47315\/revisions\/47323"}],"wp:attachment":[{"href":"https:\/\/www.sudoestehoje.com.br\/novoportal\/wp-json\/wp\/v2\/media?parent=47315"}],"wp:term":[{"taxonomy":"category","embeddable":true,"href":"https:\/\/www.sudoestehoje.com.br\/novoportal\/wp-json\/wp\/v2\/categories?post=47315"},{"taxonomy":"post_tag","embeddable":true,"href":"https:\/\/www.sudoestehoje.com.br\/novoportal\/wp-json\/wp\/v2\/tags?post=47315"}],"curies":[{"name":"wp","href":"https:\/\/api.w.org\/{rel}","templated":true}]}}