
{"id":4729,"date":"2011-05-03T23:35:10","date_gmt":"2011-05-04T02:35:10","guid":{"rendered":"http:\/\/www.sudoestehoje.com.br\/novoportal\/?p=4729"},"modified":"2011-05-05T00:36:16","modified_gmt":"2011-05-05T03:36:16","slug":"servidores-do-judiciario-decidem-paralizar-todas-as-quartas-feiras","status":"publish","type":"post","link":"https:\/\/www.sudoestehoje.com.br\/novoportal\/2011\/05\/03\/servidores-do-judiciario-decidem-paralizar-todas-as-quartas-feiras\/","title":{"rendered":"SERVIDORES DO JUDICI\u00c1RIO DECIDEM PARALISAR TODAS AS QUARTAS-FEIRAS"},"content":{"rendered":"<p style=\"text-align: center;\"><img decoding=\"async\" src=\"http:\/\/4.bp.blogspot.com\/_QasQ20Cn_gU\/Sn9vkS3xDXI\/AAAAAAAACFM\/WcTYH1Hlcpw\/s320\/S%C3%8DMBOLOS+DA+JUSTI%C3%87A.jpg\" alt=\"\" \/>\u00a0<\/p>\n<p>As quartas-feiras ser\u00e3o de paralisa\u00e7\u00e3o, por 24h, para a categoria dos servidores do judici\u00e1rio baiano. A decis\u00e3o foi tomada no Conselho de Representantes Sindicais do Sinpojud, realizado no dia 28 de abril e aprovada em assembleia do dia 29\/04. A a\u00e7\u00e3o \u00e9 um protesto contra o adiamento, por quatro vezes em sess\u00e3o do Tribunal Pleno, de tr\u00eas mandados de seguran\u00e7a impetrados pelo Sindicato dos Servidores do Poder Judici\u00e1rio do estado da Bahia \u2013 Sinpojud.<\/p>\n<p>De acordo com a presidente Maria Jos\u00e9 Silva \u2018Zez\u00e9\u2019, os direitos da categoria v\u00eam sendo retaliados pelo tribunal e critica: \u201cum dos mandados diz respeito ao reajuste 18% que um direito adquirido pelo Plano de Cargos e Sal\u00e1rios (lei 11 170\/08)\u201d. A presidente informa ainda, que as paralisa\u00e7\u00f5es ocorrer\u00e3o durante as quartas-feiras at\u00e9 que sejam votados os mandados de seguran\u00e7a e o sindicato mobilizar\u00e1 a categoria para manifesta\u00e7\u00f5es, com faixas em frente ao Tribunal de Justi\u00e7a, no Centro Administrativo da Bahia (CAB).<\/p>\n<p>Todas as comarcas do interior e da capital devem aderir ao movimento paredista por 24 horas, onde estar\u00e1 funcionando apenas o Plant\u00e3o Judici\u00e1rio (guia de sepultamento, habeas corpus e liminares de planos de sa\u00fade).<\/p>\n","protected":false},"excerpt":{"rendered":"<p>\u00a0 As quartas-feiras ser\u00e3o de paralisa\u00e7\u00e3o, por 24h, para a categoria dos servidores do judici\u00e1rio baiano. A decis\u00e3o foi tomada no Conselho de Representantes Sindicais do Sinpojud, realizado no dia 28 de abril e aprovada em assembleia do dia 29\/04. A a\u00e7\u00e3o \u00e9 um protesto contra o adiamento, por quatro vezes em sess\u00e3o do Tribunal [&hellip;]<\/p>\n","protected":false},"author":2,"featured_media":0,"comment_status":"open","ping_status":"open","sticky":false,"template":"","format":"standard","meta":{"footnotes":"","_links_to":"","_links_to_target":""},"categories":[1],"tags":[],"class_list":["post-4729","post","type-post","status-publish","format-standard","hentry","category-geral"],"views":1413,"_links":{"self":[{"href":"https:\/\/www.sudoestehoje.com.br\/novoportal\/wp-json\/wp\/v2\/posts\/4729","targetHints":{"allow":["GET"]}}],"collection":[{"href":"https:\/\/www.sudoestehoje.com.br\/novoportal\/wp-json\/wp\/v2\/posts"}],"about":[{"href":"https:\/\/www.sudoestehoje.com.br\/novoportal\/wp-json\/wp\/v2\/types\/post"}],"author":[{"embeddable":true,"href":"https:\/\/www.sudoestehoje.com.br\/novoportal\/wp-json\/wp\/v2\/users\/2"}],"replies":[{"embeddable":true,"href":"https:\/\/www.sudoestehoje.com.br\/novoportal\/wp-json\/wp\/v2\/comments?post=4729"}],"version-history":[{"count":9,"href":"https:\/\/www.sudoestehoje.com.br\/novoportal\/wp-json\/wp\/v2\/posts\/4729\/revisions"}],"predecessor-version":[{"id":4750,"href":"https:\/\/www.sudoestehoje.com.br\/novoportal\/wp-json\/wp\/v2\/posts\/4729\/revisions\/4750"}],"wp:attachment":[{"href":"https:\/\/www.sudoestehoje.com.br\/novoportal\/wp-json\/wp\/v2\/media?parent=4729"}],"wp:term":[{"taxonomy":"category","embeddable":true,"href":"https:\/\/www.sudoestehoje.com.br\/novoportal\/wp-json\/wp\/v2\/categories?post=4729"},{"taxonomy":"post_tag","embeddable":true,"href":"https:\/\/www.sudoestehoje.com.br\/novoportal\/wp-json\/wp\/v2\/tags?post=4729"}],"curies":[{"name":"wp","href":"https:\/\/api.w.org\/{rel}","templated":true}]}}