
{"id":47201,"date":"2015-03-02T09:59:09","date_gmt":"2015-03-02T12:59:09","guid":{"rendered":"http:\/\/www.sudoestehoje.com.br\/novoportal\/?p=47201"},"modified":"2015-03-02T20:05:22","modified_gmt":"2015-03-02T23:05:22","slug":"correria-e-morte-dentro-de-um-onibus-em-vitoria-da-conquista","status":"publish","type":"post","link":"https:\/\/www.sudoestehoje.com.br\/novoportal\/2015\/03\/02\/correria-e-morte-dentro-de-um-onibus-em-vitoria-da-conquista\/","title":{"rendered":"CORRERIA E MORTE DENTRO DE UM \u00d4NIBUS EM VIT\u00d3RIA DA CONQUISTA"},"content":{"rendered":"<p><img loading=\"lazy\" decoding=\"async\" class=\"setborder aligncenter\" src=\"http:\/\/blitzconquista.com.br\/v3\/wp-content\/uploads\/2015\/03\/homicidio-coletivo-02032015-4-680x365.jpg\" alt=\"Correria e morte: homem \u00e9 executado dentro de coletivo no Centro de Conquista\" width=\"501\" height=\"269\" \/><\/p>\n<p>Um homem foi morto a tiros dentro de um \u00f4nibus coletivo, por volta das 7h30 desta segunda-feira, 02, na Av. Vivaldo Mendes, Centro de Vit\u00f3ria da Conquista.<\/p>\n<p>O \u00f4nibus da Via\u00e7\u00e3o Vit\u00f3ria, que fazia a linha Vila Serrana x Uesb, estava lotado, quando alguns passageiros ouviram uma conversa entre dois homens, em que um deles dizia para o outro esperar para conversar, pois o coletivo estava lotado. Ele teria sugerido que os dois descessem, para continuar a conversa.<\/p>\n<p><img loading=\"lazy\" decoding=\"async\" class=\" wp-image-33844 aligncenter\" src=\"http:\/\/blitzconquista.com.br\/v3\/wp-content\/uploads\/2015\/03\/homicidio-coletivo-02032015-3.jpg\" alt=\"Profissional da \u00e1rea de sa\u00fade verifica se a v\u00edtima ainda estava viva.\" width=\"500\" height=\"331\" \/><\/p>\n<p>&nbsp;<\/p>\n<p>Em seguida, quando o \u00f4nibus se aproximava do cruzamento com a Av. Ot\u00e1vio Santos, foram ouvidos os disparos, e os mais de 80 passageiros entraram em p\u00e2nico. Houve correria, e somente ap\u00f3s o coletivo ficar vazio, pode ser observada a v\u00edtima morta no corredor do ve\u00edculo.<\/p>\n<p>A v\u00edtima foi identificada como sendo Pedro Almeida Teixeira, 35 anos. As primeiras informa\u00e7\u00f5es indicam que ele n\u00e3o tem antecedentes criminais. O autor do crime ainda n\u00e3o foi identificado.\u00a0<em>Blitz Conquista<\/em><\/p>\n<p><img decoding=\"async\" class=\"aligncenter\" src=\"http:\/\/www.sudoestehoje.com.br\/novoportal\/wp-content\/uploads\/2014\/09\/supermoda.png\" alt=\"supermoda\" \/><\/p>\n","protected":false},"excerpt":{"rendered":"<p>Um homem foi morto a tiros dentro de um \u00f4nibus coletivo, por volta das 7h30 desta segunda-feira, 02, na Av. Vivaldo Mendes, Centro de Vit\u00f3ria da Conquista. O \u00f4nibus da Via\u00e7\u00e3o Vit\u00f3ria, que fazia a linha Vila Serrana x Uesb, estava lotado, quando alguns passageiros ouviram uma conversa entre dois homens, em que um deles [&hellip;]<\/p>\n","protected":false},"author":2,"featured_media":0,"comment_status":"open","ping_status":"open","sticky":false,"template":"","format":"standard","meta":{"footnotes":"","_links_to":"","_links_to_target":""},"categories":[1],"tags":[],"class_list":["post-47201","post","type-post","status-publish","format-standard","hentry","category-geral"],"views":1342,"_links":{"self":[{"href":"https:\/\/www.sudoestehoje.com.br\/novoportal\/wp-json\/wp\/v2\/posts\/47201","targetHints":{"allow":["GET"]}}],"collection":[{"href":"https:\/\/www.sudoestehoje.com.br\/novoportal\/wp-json\/wp\/v2\/posts"}],"about":[{"href":"https:\/\/www.sudoestehoje.com.br\/novoportal\/wp-json\/wp\/v2\/types\/post"}],"author":[{"embeddable":true,"href":"https:\/\/www.sudoestehoje.com.br\/novoportal\/wp-json\/wp\/v2\/users\/2"}],"replies":[{"embeddable":true,"href":"https:\/\/www.sudoestehoje.com.br\/novoportal\/wp-json\/wp\/v2\/comments?post=47201"}],"version-history":[{"count":3,"href":"https:\/\/www.sudoestehoje.com.br\/novoportal\/wp-json\/wp\/v2\/posts\/47201\/revisions"}],"predecessor-version":[{"id":47214,"href":"https:\/\/www.sudoestehoje.com.br\/novoportal\/wp-json\/wp\/v2\/posts\/47201\/revisions\/47214"}],"wp:attachment":[{"href":"https:\/\/www.sudoestehoje.com.br\/novoportal\/wp-json\/wp\/v2\/media?parent=47201"}],"wp:term":[{"taxonomy":"category","embeddable":true,"href":"https:\/\/www.sudoestehoje.com.br\/novoportal\/wp-json\/wp\/v2\/categories?post=47201"},{"taxonomy":"post_tag","embeddable":true,"href":"https:\/\/www.sudoestehoje.com.br\/novoportal\/wp-json\/wp\/v2\/tags?post=47201"}],"curies":[{"name":"wp","href":"https:\/\/api.w.org\/{rel}","templated":true}]}}