
{"id":47173,"date":"2015-03-01T14:18:58","date_gmt":"2015-03-01T17:18:58","guid":{"rendered":"http:\/\/www.sudoestehoje.com.br\/novoportal\/?p=47173"},"modified":"2015-03-02T20:09:42","modified_gmt":"2015-03-02T23:09:42","slug":"programa-minha-casa-minha-vida-paralisa-projetos-para-baixa-renda","status":"publish","type":"post","link":"https:\/\/www.sudoestehoje.com.br\/novoportal\/2015\/03\/01\/programa-minha-casa-minha-vida-paralisa-projetos-para-baixa-renda\/","title":{"rendered":"PROGRAMA MINHA CASA, MINHA VIDA PARALISA PROJETOS PARA BAIXA RENDA"},"content":{"rendered":"<div id=\"attachment_47174\" style=\"width: 510px\" class=\"wp-caption aligncenter\"><a href=\"http:\/\/www.sudoestehoje.com.br\/novoportal\/wp-content\/uploads\/2015\/03\/BROGOD\u00d3.jpg\"><img loading=\"lazy\" decoding=\"async\" aria-describedby=\"caption-attachment-47174\" class=\"size-medium wp-image-47174\" src=\"http:\/\/www.sudoestehoje.com.br\/novoportal\/wp-content\/uploads\/2015\/03\/BROGOD\u00d3-500x330.jpg\" alt=\"Projetos para pessoas de baixa renda, como o 'Brogod\u00f3', em Itapetinga, foram paralisados pelo governo Dilma.\" width=\"500\" height=\"330\" srcset=\"https:\/\/www.sudoestehoje.com.br\/novoportal\/wp-content\/uploads\/2015\/03\/BROGOD\u00d3-500x330.jpg 500w, https:\/\/www.sudoestehoje.com.br\/novoportal\/wp-content\/uploads\/2015\/03\/BROGOD\u00d3-150x99.jpg 150w, https:\/\/www.sudoestehoje.com.br\/novoportal\/wp-content\/uploads\/2015\/03\/BROGOD\u00d3.jpg 550w\" sizes=\"auto, (max-width: 500px) 100vw, 500px\" \/><\/a><p id=\"caption-attachment-47174\" class=\"wp-caption-text\">Projetos de constru\u00e7\u00f5es e financiamentos para pessoas de baixa renda foram paralisados pelo governo Dilma.<\/p><\/div>\n<p>Vitrine do governo do PT, o programa Minha Casa, Minha Vida ficou praticamente sem contratar novas moradias destinadas \u00e0 popula\u00e7\u00e3o de baixa renda, onde se concentra o d\u00e9ficit habitacional do pa\u00eds, nos dois primeiros meses de 2015. Apesar da promessa oficial de contratar 350 mil novas habita\u00e7\u00f5es at\u00e9 junho, nas tr\u00eas faixas de renda do programa, houve paralisa\u00e7\u00e3o na contrata\u00e7\u00e3o da faixa 1, para fam\u00edlias com renda mensal de at\u00e9 R$ 1,6 mil. A causa \u00e9 a frustra\u00e7\u00e3o de recursos &#8211; para esse p\u00fablico, o governo subsidia at\u00e9 95% do valor do im\u00f3vel.<\/p>\n<p><img decoding=\"async\" class=\"aligncenter\" src=\"http:\/\/www.sudoestehoje.com.br\/novoportal\/wp-content\/uploads\/2015\/02\/NOVO-BANNER-COOLEITE-500x250.jpg\" alt=\"NOVO BANNER COOLEITE\" \/><\/p>\n","protected":false},"excerpt":{"rendered":"<p>Vitrine do governo do PT, o programa Minha Casa, Minha Vida ficou praticamente sem contratar novas moradias destinadas \u00e0 popula\u00e7\u00e3o de baixa renda, onde se concentra o d\u00e9ficit habitacional do pa\u00eds, nos dois primeiros meses de 2015. Apesar da promessa oficial de contratar 350 mil novas habita\u00e7\u00f5es at\u00e9 junho, nas tr\u00eas faixas de renda do [&hellip;]<\/p>\n","protected":false},"author":2,"featured_media":0,"comment_status":"open","ping_status":"open","sticky":false,"template":"","format":"standard","meta":{"footnotes":"","_links_to":"","_links_to_target":""},"categories":[1],"tags":[],"class_list":["post-47173","post","type-post","status-publish","format-standard","hentry","category-geral"],"views":2692,"_links":{"self":[{"href":"https:\/\/www.sudoestehoje.com.br\/novoportal\/wp-json\/wp\/v2\/posts\/47173","targetHints":{"allow":["GET"]}}],"collection":[{"href":"https:\/\/www.sudoestehoje.com.br\/novoportal\/wp-json\/wp\/v2\/posts"}],"about":[{"href":"https:\/\/www.sudoestehoje.com.br\/novoportal\/wp-json\/wp\/v2\/types\/post"}],"author":[{"embeddable":true,"href":"https:\/\/www.sudoestehoje.com.br\/novoportal\/wp-json\/wp\/v2\/users\/2"}],"replies":[{"embeddable":true,"href":"https:\/\/www.sudoestehoje.com.br\/novoportal\/wp-json\/wp\/v2\/comments?post=47173"}],"version-history":[{"count":4,"href":"https:\/\/www.sudoestehoje.com.br\/novoportal\/wp-json\/wp\/v2\/posts\/47173\/revisions"}],"predecessor-version":[{"id":47216,"href":"https:\/\/www.sudoestehoje.com.br\/novoportal\/wp-json\/wp\/v2\/posts\/47173\/revisions\/47216"}],"wp:attachment":[{"href":"https:\/\/www.sudoestehoje.com.br\/novoportal\/wp-json\/wp\/v2\/media?parent=47173"}],"wp:term":[{"taxonomy":"category","embeddable":true,"href":"https:\/\/www.sudoestehoje.com.br\/novoportal\/wp-json\/wp\/v2\/categories?post=47173"},{"taxonomy":"post_tag","embeddable":true,"href":"https:\/\/www.sudoestehoje.com.br\/novoportal\/wp-json\/wp\/v2\/tags?post=47173"}],"curies":[{"name":"wp","href":"https:\/\/api.w.org\/{rel}","templated":true}]}}