
{"id":47160,"date":"2015-02-28T19:50:23","date_gmt":"2015-02-28T22:50:23","guid":{"rendered":"http:\/\/www.sudoestehoje.com.br\/novoportal\/?p=47160"},"modified":"2015-02-28T19:50:23","modified_gmt":"2015-02-28T22:50:23","slug":"novas-regras-do-seguro-desemprego-valem-a-partir-desta-segunda","status":"publish","type":"post","link":"https:\/\/www.sudoestehoje.com.br\/novoportal\/2015\/02\/28\/novas-regras-do-seguro-desemprego-valem-a-partir-desta-segunda\/","title":{"rendered":"NOVAS REGRAS DO SEGURO-DESEMPREGO VALEM A PARTIR DESTA SEGUNDA"},"content":{"rendered":"<p><a href=\"http:\/\/www.sudoestehoje.com.br\/novoportal\/wp-content\/uploads\/2015\/02\/Seguro-desemprego-300x216.jpg\"><img loading=\"lazy\" decoding=\"async\" class=\"aligncenter  wp-image-47161\" src=\"http:\/\/www.sudoestehoje.com.br\/novoportal\/wp-content\/uploads\/2015\/02\/Seguro-desemprego-300x216.jpg\" alt=\"Seguro-desemprego-300x216\" width=\"500\" height=\"360\" srcset=\"https:\/\/www.sudoestehoje.com.br\/novoportal\/wp-content\/uploads\/2015\/02\/Seguro-desemprego-300x216.jpg 300w, https:\/\/www.sudoestehoje.com.br\/novoportal\/wp-content\/uploads\/2015\/02\/Seguro-desemprego-300x216-150x108.jpg 150w\" sizes=\"auto, (max-width: 500px) 100vw, 500px\" \/><\/a><\/p>\n<p>Os trabalhadores que forem demitidos sem justa causa a partir deste s\u00e1bado j\u00e1 ser\u00e3o enquadrados nas novas regras de acesso ao seguro-desemprego. As mudan\u00e7as v\u00e3o afetar mais quem solicitar o benef\u00edcio pela primeira vez. Neste caso, ser\u00e1 exigido prazo de car\u00eancia de 18 meses no emprego. Pela legisla\u00e7\u00e3o anterior, esse prazo era de seis meses. Na segunda solicita\u00e7\u00e3o, a exig\u00eancia baixa para um ano. J\u00e1 na terceira vez, n\u00e3o h\u00e1 altera\u00e7\u00e3o.<\/p>\n<p>Segundo o Minist\u00e9rio do Trabalho, na hora de solicitar o benef\u00edcio, valer\u00e1 a data da demiss\u00e3o. Ou seja, se o trabalhador foi demitido antes do dia 28 de fevereiro e n\u00e3o solicitou o aux\u00edlio poder\u00e1 faz\u00ea-lo de acordo com as regras antigas. Para orientar os trabalhadores, a pasta vai divulgar uma cartilha com perguntas e respostas sobre as mudan\u00e7as. O Globo<\/p>\n","protected":false},"excerpt":{"rendered":"<p>Os trabalhadores que forem demitidos sem justa causa a partir deste s\u00e1bado j\u00e1 ser\u00e3o enquadrados nas novas regras de acesso ao seguro-desemprego. As mudan\u00e7as v\u00e3o afetar mais quem solicitar o benef\u00edcio pela primeira vez. Neste caso, ser\u00e1 exigido prazo de car\u00eancia de 18 meses no emprego. Pela legisla\u00e7\u00e3o anterior, esse prazo era de seis meses. [&hellip;]<\/p>\n","protected":false},"author":2,"featured_media":47161,"comment_status":"open","ping_status":"open","sticky":false,"template":"","format":"standard","meta":{"footnotes":"","_links_to":"","_links_to_target":""},"categories":[1],"tags":[],"class_list":["post-47160","post","type-post","status-publish","format-standard","has-post-thumbnail","hentry","category-geral"],"views":1342,"_links":{"self":[{"href":"https:\/\/www.sudoestehoje.com.br\/novoportal\/wp-json\/wp\/v2\/posts\/47160","targetHints":{"allow":["GET"]}}],"collection":[{"href":"https:\/\/www.sudoestehoje.com.br\/novoportal\/wp-json\/wp\/v2\/posts"}],"about":[{"href":"https:\/\/www.sudoestehoje.com.br\/novoportal\/wp-json\/wp\/v2\/types\/post"}],"author":[{"embeddable":true,"href":"https:\/\/www.sudoestehoje.com.br\/novoportal\/wp-json\/wp\/v2\/users\/2"}],"replies":[{"embeddable":true,"href":"https:\/\/www.sudoestehoje.com.br\/novoportal\/wp-json\/wp\/v2\/comments?post=47160"}],"version-history":[{"count":1,"href":"https:\/\/www.sudoestehoje.com.br\/novoportal\/wp-json\/wp\/v2\/posts\/47160\/revisions"}],"predecessor-version":[{"id":47162,"href":"https:\/\/www.sudoestehoje.com.br\/novoportal\/wp-json\/wp\/v2\/posts\/47160\/revisions\/47162"}],"wp:featuredmedia":[{"embeddable":true,"href":"https:\/\/www.sudoestehoje.com.br\/novoportal\/wp-json\/wp\/v2\/media\/47161"}],"wp:attachment":[{"href":"https:\/\/www.sudoestehoje.com.br\/novoportal\/wp-json\/wp\/v2\/media?parent=47160"}],"wp:term":[{"taxonomy":"category","embeddable":true,"href":"https:\/\/www.sudoestehoje.com.br\/novoportal\/wp-json\/wp\/v2\/categories?post=47160"},{"taxonomy":"post_tag","embeddable":true,"href":"https:\/\/www.sudoestehoje.com.br\/novoportal\/wp-json\/wp\/v2\/tags?post=47160"}],"curies":[{"name":"wp","href":"https:\/\/api.w.org\/{rel}","templated":true}]}}