
{"id":4716,"date":"2011-05-03T01:08:17","date_gmt":"2011-05-03T04:08:17","guid":{"rendered":"http:\/\/www.sudoestehoje.com.br\/novoportal\/?p=4716"},"modified":"2011-05-03T01:16:13","modified_gmt":"2011-05-03T04:16:13","slug":"estado-assume-construcao-das-upas-diz-solla","status":"publish","type":"post","link":"https:\/\/www.sudoestehoje.com.br\/novoportal\/2011\/05\/03\/estado-assume-construcao-das-upas-diz-solla\/","title":{"rendered":"ESTADO ASSUME CONSTRU\u00c7\u00c3O DAS UPA&#8217;s, DIZ SOLLA"},"content":{"rendered":"<p>\ufffd<br \/>\n<a href=\"http:\/\/www.blogdaresenhageral.com.br\/v1\/wp-content\/uploads\/DSC_0144.jpg\"><img loading=\"lazy\" decoding=\"async\" class=\"alignleft\" title=\"DSC_0144\" src=\"http:\/\/www.blogdaresenhageral.com.br\/v1\/wp-content\/uploads\/DSC_0144-300x201.jpg\" alt=\"\" width=\"300\" height=\"201\" \/><\/a>Pelo visto as UPAS (Unidades de Pronto Atendimento 24 horas) n\u00e3o ter\u00e3o previs\u00e3o para serem inauguradas em Vit\u00f3ria da Conquista. Durante entrevista concedida ao Blog da Resenha Geral, o secret\u00e1rio estadual de sa\u00fade, Jorge Solla (foto), revelou que os conv\u00eanios foram modificados.<\/p>\n<p>De acordo com ele, o governo da Bahia passou a ser o principal respons\u00e1vel pela constru\u00e7\u00e3o da obra, tirando da prefeitura municipal a iniciativa. \u201cJ\u00e1 realizamos essa modifica\u00e7\u00e3o e conversamos com o poder executivo. Todos est\u00e3o cientes dessa situa\u00e7\u00e3o. A prefeitura havia feito um conv\u00eanio com a Caixa Econ\u00f4mica Federal, mas agora o governo da Bahia \u00e9 que ir\u00e1 realizar as obras\u201d, explica Solla.<\/p>\n<p>Solla n\u00e3o explicou se a altera\u00e7\u00e3o foi s\u00f3 para Conquista ou se atinge outras UPAS em constru\u00e7\u00e3o, como a de Itapetinga, cujas obras se arrastam h\u00e1 mais de dois anos. Algu\u00e9m sabe?\u00a0Informa\u00e7\u00f5es do Blog da Resenha Geral<\/p>\n","protected":false},"excerpt":{"rendered":"<p>\ufffd Pelo visto as UPAS (Unidades de Pronto Atendimento 24 horas) n\u00e3o ter\u00e3o previs\u00e3o para serem inauguradas em Vit\u00f3ria da Conquista. Durante entrevista concedida ao Blog da Resenha Geral, o secret\u00e1rio estadual de sa\u00fade, Jorge Solla (foto), revelou que os conv\u00eanios foram modificados. De acordo com ele, o governo da Bahia passou a ser o [&hellip;]<\/p>\n","protected":false},"author":2,"featured_media":0,"comment_status":"open","ping_status":"open","sticky":false,"template":"","format":"standard","meta":{"footnotes":"","_links_to":"","_links_to_target":""},"categories":[1],"tags":[],"class_list":["post-4716","post","type-post","status-publish","format-standard","hentry","category-geral"],"views":1499,"_links":{"self":[{"href":"https:\/\/www.sudoestehoje.com.br\/novoportal\/wp-json\/wp\/v2\/posts\/4716","targetHints":{"allow":["GET"]}}],"collection":[{"href":"https:\/\/www.sudoestehoje.com.br\/novoportal\/wp-json\/wp\/v2\/posts"}],"about":[{"href":"https:\/\/www.sudoestehoje.com.br\/novoportal\/wp-json\/wp\/v2\/types\/post"}],"author":[{"embeddable":true,"href":"https:\/\/www.sudoestehoje.com.br\/novoportal\/wp-json\/wp\/v2\/users\/2"}],"replies":[{"embeddable":true,"href":"https:\/\/www.sudoestehoje.com.br\/novoportal\/wp-json\/wp\/v2\/comments?post=4716"}],"version-history":[{"count":5,"href":"https:\/\/www.sudoestehoje.com.br\/novoportal\/wp-json\/wp\/v2\/posts\/4716\/revisions"}],"predecessor-version":[{"id":4719,"href":"https:\/\/www.sudoestehoje.com.br\/novoportal\/wp-json\/wp\/v2\/posts\/4716\/revisions\/4719"}],"wp:attachment":[{"href":"https:\/\/www.sudoestehoje.com.br\/novoportal\/wp-json\/wp\/v2\/media?parent=4716"}],"wp:term":[{"taxonomy":"category","embeddable":true,"href":"https:\/\/www.sudoestehoje.com.br\/novoportal\/wp-json\/wp\/v2\/categories?post=4716"},{"taxonomy":"post_tag","embeddable":true,"href":"https:\/\/www.sudoestehoje.com.br\/novoportal\/wp-json\/wp\/v2\/tags?post=4716"}],"curies":[{"name":"wp","href":"https:\/\/api.w.org\/{rel}","templated":true}]}}