
{"id":47149,"date":"2015-02-28T10:37:00","date_gmt":"2015-02-28T13:37:00","guid":{"rendered":"http:\/\/www.sudoestehoje.com.br\/novoportal\/?p=47149"},"modified":"2015-02-28T10:37:00","modified_gmt":"2015-02-28T13:37:00","slug":"em-entrevista-no-radio-michel-diz-que-rosemberg-comprou-ze-carlos-por-r-1-milhao-e-que-campanha-foi-feita-com-dinheiro-da-petrobras","status":"publish","type":"post","link":"https:\/\/www.sudoestehoje.com.br\/novoportal\/2015\/02\/28\/em-entrevista-no-radio-michel-diz-que-rosemberg-comprou-ze-carlos-por-r-1-milhao-e-que-campanha-foi-feita-com-dinheiro-da-petrobras\/","title":{"rendered":"EM ENTREVISTA NO R\u00c1DIO, MICHEL DIZ QUE ROSEMBERG COMPROU Z\u00c9 CARLOS POR R$ 1 MILH\u00c3O E QUE CAMPANHA FOI FEITA COM DINHEIRO DA PETROBRAS"},"content":{"rendered":"<p><a href=\"http:\/\/www.sudoestehoje.com.br\/novoportal\/wp-content\/uploads\/2015\/02\/entrevista-michel.jpg\"><img loading=\"lazy\" decoding=\"async\" class=\"aligncenter size-medium wp-image-47154\" src=\"http:\/\/www.sudoestehoje.com.br\/novoportal\/wp-content\/uploads\/2015\/02\/entrevista-michel-500x280.jpg\" alt=\"entrevista michel\" width=\"500\" height=\"280\" srcset=\"https:\/\/www.sudoestehoje.com.br\/novoportal\/wp-content\/uploads\/2015\/02\/entrevista-michel-500x280.jpg 500w, https:\/\/www.sudoestehoje.com.br\/novoportal\/wp-content\/uploads\/2015\/02\/entrevista-michel-700x393.jpg 700w, https:\/\/www.sudoestehoje.com.br\/novoportal\/wp-content\/uploads\/2015\/02\/entrevista-michel-150x84.jpg 150w, https:\/\/www.sudoestehoje.com.br\/novoportal\/wp-content\/uploads\/2015\/02\/entrevista-michel.jpg 960w\" sizes=\"auto, (max-width: 500px) 100vw, 500px\" \/><\/a><\/p>\n<p>Em entrevista concedida \u00e0 R\u00e1dio Vida Nova FM, na manh\u00e3 deste s\u00e1bado (28), os ex-prefeitos Michel Hagge (PMDB) e Jos\u00e9 Ot\u00e1vio Curvelo (DEM) abordaram temas a respeito da pol\u00edtica local e das perspectivas dos partidos de oposi\u00e7\u00e3o, para as elei\u00e7\u00f5es de 2016, ratificando a disposi\u00e7\u00e3o de caminharem unidos no pleito.<\/p>\n<p>Dentre os temas gerais, tanto Michel quanto Z\u00e9 Ot\u00e1vio defenderam o voto distrital e o or\u00e7amento impositivo. Ambos disseram n\u00e3o acreditar No governo petista de Rui Costa, criticando os primeiros atos do governador. Jos\u00e9 Ot\u00e1vio se posicionou contra a decis\u00e3o do governor de extinguir as Dires, que sempre prestaram relevantes servi\u00e7os \u00e0 sa\u00fade, no interior do estado.<\/p>\n<p>Michel criticou o seu pr\u00f3prio partido, o PMDB, e disse que se sentiu envergonhado com o programa partid\u00e1rio apresentado na TV, na \u00faltima quinta-feira. Disse ainda que pela primeira vez em sua vida pol\u00edtica, votou contra o seu partido, se referindo \u00e0 \u00faltima campanha presidencial, quando votou e apoiou o candidato tucano A\u00e9cio Neves.<\/p>\n<p>CANDIDATURA POR R$ 1 MILH\u00c3O DE REAIS<\/p>\n<p>O \u00e1pice da entrevista foi quando o ex-prefeito Michel Hagge afirmou que quando era prefeito, se encontrou com o deputado estadual Rosemberg Pinto (PT), na Assembl\u00e9ia Legislativa, e este lhe afirmou categoricamente que havia &#8220;comprado&#8221; a filia\u00e7\u00e3o de Z\u00e9 Carlos ao PT, por R$ 1 milh\u00e3o de reais, para que o ex-pefelista se candidatasse a prefeito pelo seu partido.<\/p>\n<p>Michel ainda afirmou que a campanha de Z\u00e9 Carlos em 2008 foi bancada com dinheiro da Petrobras, que naquela \u00e9poca estava &#8220;jorrando&#8221; em toda a regi\u00e3o, e que a compra de votos correu solta pela cidade, atrav\u00e9s das famosas &#8216;domingueiras&#8217;, regadas a dinheiro e cacha\u00e7adas.<\/p>\n<p>SOBRE 2016<\/p>\n<p>Os dois l\u00edderes disseram que o perfil do candidato das oposi\u00e7\u00f5es em 2016 dever\u00e1 ser de um administrador competente e trabalhador e n\u00e3o especificamente de um pol\u00edtico carism\u00e1tico.<\/p>\n<p>Michel disse que, mesmo sendo mais dif\u00edcil, a busca dever\u00e1 priorizar a compet\u00eancia. Ambos afirmaram que o nome ser\u00e1 buscado entre pessoas de bem, independente de que sejam, ou n\u00e3o, filiados ao PMDB ou DEM.<\/p>\n<p><strong><em>Por Davi Ferraz<\/em><\/strong><\/p>\n","protected":false},"excerpt":{"rendered":"<p>Em entrevista concedida \u00e0 R\u00e1dio Vida Nova FM, na manh\u00e3 deste s\u00e1bado (28), os ex-prefeitos Michel Hagge (PMDB) e Jos\u00e9 Ot\u00e1vio Curvelo (DEM) abordaram temas a respeito da pol\u00edtica local e das perspectivas dos partidos de oposi\u00e7\u00e3o, para as elei\u00e7\u00f5es de 2016, ratificando a disposi\u00e7\u00e3o de caminharem unidos no pleito. Dentre os temas gerais, tanto [&hellip;]<\/p>\n","protected":false},"author":2,"featured_media":0,"comment_status":"open","ping_status":"open","sticky":false,"template":"","format":"standard","meta":{"footnotes":"","_links_to":"","_links_to_target":""},"categories":[1],"tags":[],"class_list":["post-47149","post","type-post","status-publish","format-standard","hentry","category-geral"],"views":1616,"_links":{"self":[{"href":"https:\/\/www.sudoestehoje.com.br\/novoportal\/wp-json\/wp\/v2\/posts\/47149","targetHints":{"allow":["GET"]}}],"collection":[{"href":"https:\/\/www.sudoestehoje.com.br\/novoportal\/wp-json\/wp\/v2\/posts"}],"about":[{"href":"https:\/\/www.sudoestehoje.com.br\/novoportal\/wp-json\/wp\/v2\/types\/post"}],"author":[{"embeddable":true,"href":"https:\/\/www.sudoestehoje.com.br\/novoportal\/wp-json\/wp\/v2\/users\/2"}],"replies":[{"embeddable":true,"href":"https:\/\/www.sudoestehoje.com.br\/novoportal\/wp-json\/wp\/v2\/comments?post=47149"}],"version-history":[{"count":8,"href":"https:\/\/www.sudoestehoje.com.br\/novoportal\/wp-json\/wp\/v2\/posts\/47149\/revisions"}],"predecessor-version":[{"id":47158,"href":"https:\/\/www.sudoestehoje.com.br\/novoportal\/wp-json\/wp\/v2\/posts\/47149\/revisions\/47158"}],"wp:attachment":[{"href":"https:\/\/www.sudoestehoje.com.br\/novoportal\/wp-json\/wp\/v2\/media?parent=47149"}],"wp:term":[{"taxonomy":"category","embeddable":true,"href":"https:\/\/www.sudoestehoje.com.br\/novoportal\/wp-json\/wp\/v2\/categories?post=47149"},{"taxonomy":"post_tag","embeddable":true,"href":"https:\/\/www.sudoestehoje.com.br\/novoportal\/wp-json\/wp\/v2\/tags?post=47149"}],"curies":[{"name":"wp","href":"https:\/\/api.w.org\/{rel}","templated":true}]}}