
{"id":47146,"date":"2015-02-28T09:14:13","date_gmt":"2015-02-28T12:14:13","guid":{"rendered":"http:\/\/www.sudoestehoje.com.br\/novoportal\/?p=47146"},"modified":"2015-02-28T09:14:13","modified_gmt":"2015-02-28T12:14:13","slug":"executivos-das-camargo-correia-fecham-acordo-de-delacao-premiada","status":"publish","type":"post","link":"https:\/\/www.sudoestehoje.com.br\/novoportal\/2015\/02\/28\/executivos-das-camargo-correia-fecham-acordo-de-delacao-premiada\/","title":{"rendered":"EXECUTIVOS DAS CAMARGO CORREIA FECHAM ACORDO DE DELA\u00c7\u00c3O PREMIADA"},"content":{"rendered":"<div id=\"attachment_47147\" style=\"width: 509px\" class=\"wp-caption aligncenter\"><a href=\"http:\/\/www.sudoestehoje.com.br\/novoportal\/wp-content\/uploads\/2015\/02\/CARMARGO.jpg\"><img loading=\"lazy\" decoding=\"async\" aria-describedby=\"caption-attachment-47147\" class=\" wp-image-47147\" src=\"http:\/\/www.sudoestehoje.com.br\/novoportal\/wp-content\/uploads\/2015\/02\/CARMARGO.jpg\" alt=\"Dalton dos Santos Avancini, presidente da Camargo Correa, vai abrir o jogo e pode comprometer o n\u00facleo do poder em Brasilia. Foto: Veja\" width=\"499\" height=\"368\" srcset=\"https:\/\/www.sudoestehoje.com.br\/novoportal\/wp-content\/uploads\/2015\/02\/CARMARGO.jpg 380w, https:\/\/www.sudoestehoje.com.br\/novoportal\/wp-content\/uploads\/2015\/02\/CARMARGO-150x110.jpg 150w\" sizes=\"auto, (max-width: 499px) 100vw, 499px\" \/><\/a><p id=\"caption-attachment-47147\" class=\"wp-caption-text\">Para aliviar a sua pena, Dalton dos Santos Avancini, presidente da Camargo Correa, vai abrir o jogo e pode comprometer o n\u00facleo do poder em Brasilia. Foto: Veja<\/p><\/div>\n<p>O presidente da construtora Camargo Corr\u00eaa, Dalton Avancini, e o vice-presidente Eduardo Leite fecharam na noite da \u00faltima sexta-feira um acordo de dela\u00e7\u00e3o premiada para a Opera\u00e7\u00e3o Lava Jato, respons\u00e1vel por investigar o esquema de corrup\u00e7\u00e3o na Petrobras, segundo informa\u00e7\u00f5es divulgadas pelo jornal Folha de S. Paulo.<\/p>\n<p>Pelo acordo, a multa paga por cada um dos delatores deve ser de pelo menos R$ 5 milh\u00f5es cada e deve ultrapassar R$ 10 milh\u00f5es. Houve tamb\u00e9m a tentativa de acordo de dela\u00e7\u00e3o com Jo\u00e3o Auler, presidente do conselho de administra\u00e7\u00e3o da empreiteira, mas, segunda a Folha, os procuradores recusaram por achar que o executivo n\u00e3o iria contar tudo que sabia sobre as supostas irregularidades que a empreiteira estaria envolvida.<\/p>\n<p>Os tr\u00eas executivos da Camargo Corr\u00eaa est\u00e3o presos desde novembro de 2014, quando iniciou-se a nona fase da opera\u00e7\u00e3o Lava-Jato, que leva o nome de Ju\u00edzo Final. Eles s\u00e3o acusados de pagar propina com a finalidade de obter contratos com a Petrobras. Ainda segundo a Folha, ap\u00f3s o acordo, Dalton Avancini e Eduardo Leite devem ser soltos nos pr\u00f3ximos dias.<\/p>\n","protected":false},"excerpt":{"rendered":"<p>O presidente da construtora Camargo Corr\u00eaa, Dalton Avancini, e o vice-presidente Eduardo Leite fecharam na noite da \u00faltima sexta-feira um acordo de dela\u00e7\u00e3o premiada para a Opera\u00e7\u00e3o Lava Jato, respons\u00e1vel por investigar o esquema de corrup\u00e7\u00e3o na Petrobras, segundo informa\u00e7\u00f5es divulgadas pelo jornal Folha de S. Paulo. Pelo acordo, a multa paga por cada um [&hellip;]<\/p>\n","protected":false},"author":2,"featured_media":0,"comment_status":"open","ping_status":"open","sticky":false,"template":"","format":"standard","meta":{"footnotes":"","_links_to":"","_links_to_target":""},"categories":[1],"tags":[],"class_list":["post-47146","post","type-post","status-publish","format-standard","hentry","category-geral"],"views":1502,"_links":{"self":[{"href":"https:\/\/www.sudoestehoje.com.br\/novoportal\/wp-json\/wp\/v2\/posts\/47146","targetHints":{"allow":["GET"]}}],"collection":[{"href":"https:\/\/www.sudoestehoje.com.br\/novoportal\/wp-json\/wp\/v2\/posts"}],"about":[{"href":"https:\/\/www.sudoestehoje.com.br\/novoportal\/wp-json\/wp\/v2\/types\/post"}],"author":[{"embeddable":true,"href":"https:\/\/www.sudoestehoje.com.br\/novoportal\/wp-json\/wp\/v2\/users\/2"}],"replies":[{"embeddable":true,"href":"https:\/\/www.sudoestehoje.com.br\/novoportal\/wp-json\/wp\/v2\/comments?post=47146"}],"version-history":[{"count":1,"href":"https:\/\/www.sudoestehoje.com.br\/novoportal\/wp-json\/wp\/v2\/posts\/47146\/revisions"}],"predecessor-version":[{"id":47148,"href":"https:\/\/www.sudoestehoje.com.br\/novoportal\/wp-json\/wp\/v2\/posts\/47146\/revisions\/47148"}],"wp:attachment":[{"href":"https:\/\/www.sudoestehoje.com.br\/novoportal\/wp-json\/wp\/v2\/media?parent=47146"}],"wp:term":[{"taxonomy":"category","embeddable":true,"href":"https:\/\/www.sudoestehoje.com.br\/novoportal\/wp-json\/wp\/v2\/categories?post=47146"},{"taxonomy":"post_tag","embeddable":true,"href":"https:\/\/www.sudoestehoje.com.br\/novoportal\/wp-json\/wp\/v2\/tags?post=47146"}],"curies":[{"name":"wp","href":"https:\/\/api.w.org\/{rel}","templated":true}]}}