
{"id":47136,"date":"2015-02-27T21:07:24","date_gmt":"2015-02-28T00:07:24","guid":{"rendered":"http:\/\/www.sudoestehoje.com.br\/novoportal\/?p=47136"},"modified":"2015-02-27T21:38:04","modified_gmt":"2015-02-28T00:38:04","slug":"dilma-acaba-com-o-minha-casa-melhor","status":"publish","type":"post","link":"https:\/\/www.sudoestehoje.com.br\/novoportal\/2015\/02\/27\/dilma-acaba-com-o-minha-casa-melhor\/","title":{"rendered":"DILMA ACABA COM O &#8220;MINHA CASA MELHOR&#8221;"},"content":{"rendered":"<p><a href=\"http:\/\/www.sudoestehoje.com.br\/novoportal\/wp-content\/uploads\/2015\/02\/MINHA-CASA-MELHOR.jpg\"><img loading=\"lazy\" decoding=\"async\" class=\"aligncenter size-medium wp-image-47137\" src=\"http:\/\/www.sudoestehoje.com.br\/novoportal\/wp-content\/uploads\/2015\/02\/MINHA-CASA-MELHOR-500x282.jpg\" alt=\"MINHA CASA MELHOR\" width=\"500\" height=\"282\" srcset=\"https:\/\/www.sudoestehoje.com.br\/novoportal\/wp-content\/uploads\/2015\/02\/MINHA-CASA-MELHOR-500x282.jpg 500w, https:\/\/www.sudoestehoje.com.br\/novoportal\/wp-content\/uploads\/2015\/02\/MINHA-CASA-MELHOR-150x84.jpg 150w, https:\/\/www.sudoestehoje.com.br\/novoportal\/wp-content\/uploads\/2015\/02\/MINHA-CASA-MELHOR.jpg 630w\" sizes=\"auto, (max-width: 500px) 100vw, 500px\" \/><\/a><\/p>\n<p>Diante do aperto fiscal, o governo decidiu suspender novos financiamentos do programa Minha Casa Melhor, criado dentro do Minha Casa, Minha Vida.<\/p>\n<p>O financiamento especial foi criado em 12 de junho de 2013, com uma linha de cr\u00e9dito de at\u00e9 R$ 5 mil por fam\u00edlia, para viabilizar a compra de eletrodom\u00e9sticos e m\u00f3veis novos pelos benefici\u00e1rios do programa MCMV, uma das principais bandeiras da presidente Dilma Rousseff durante sua campanha eleitoral \u00e0 reelei\u00e7\u00e3o.<\/p>\n<p>Nesta quinta-feira, a Caixa Econ\u00f4mica Federal (CEF) confirmou, por meio de nota, que novos financiamentos ser\u00e3o discutidos no futuro e que os cart\u00f5es em uso e cujo recurso foi liberado, continuam valendo.<\/p>\n<p><img decoding=\"async\" class=\"aligncenter\" src=\"http:\/\/www.sudoestehoje.com.br\/novoportal\/wp-content\/uploads\/2014\/12\/skala-novo.jpg\" alt=\"skala novo\" \/><\/p>\n","protected":false},"excerpt":{"rendered":"<p>Diante do aperto fiscal, o governo decidiu suspender novos financiamentos do programa Minha Casa Melhor, criado dentro do Minha Casa, Minha Vida. O financiamento especial foi criado em 12 de junho de 2013, com uma linha de cr\u00e9dito de at\u00e9 R$ 5 mil por fam\u00edlia, para viabilizar a compra de eletrodom\u00e9sticos e m\u00f3veis novos pelos [&hellip;]<\/p>\n","protected":false},"author":2,"featured_media":0,"comment_status":"open","ping_status":"open","sticky":false,"template":"","format":"standard","meta":{"footnotes":"","_links_to":"","_links_to_target":""},"categories":[1],"tags":[],"class_list":["post-47136","post","type-post","status-publish","format-standard","hentry","category-geral"],"views":1735,"_links":{"self":[{"href":"https:\/\/www.sudoestehoje.com.br\/novoportal\/wp-json\/wp\/v2\/posts\/47136","targetHints":{"allow":["GET"]}}],"collection":[{"href":"https:\/\/www.sudoestehoje.com.br\/novoportal\/wp-json\/wp\/v2\/posts"}],"about":[{"href":"https:\/\/www.sudoestehoje.com.br\/novoportal\/wp-json\/wp\/v2\/types\/post"}],"author":[{"embeddable":true,"href":"https:\/\/www.sudoestehoje.com.br\/novoportal\/wp-json\/wp\/v2\/users\/2"}],"replies":[{"embeddable":true,"href":"https:\/\/www.sudoestehoje.com.br\/novoportal\/wp-json\/wp\/v2\/comments?post=47136"}],"version-history":[{"count":3,"href":"https:\/\/www.sudoestehoje.com.br\/novoportal\/wp-json\/wp\/v2\/posts\/47136\/revisions"}],"predecessor-version":[{"id":47140,"href":"https:\/\/www.sudoestehoje.com.br\/novoportal\/wp-json\/wp\/v2\/posts\/47136\/revisions\/47140"}],"wp:attachment":[{"href":"https:\/\/www.sudoestehoje.com.br\/novoportal\/wp-json\/wp\/v2\/media?parent=47136"}],"wp:term":[{"taxonomy":"category","embeddable":true,"href":"https:\/\/www.sudoestehoje.com.br\/novoportal\/wp-json\/wp\/v2\/categories?post=47136"},{"taxonomy":"post_tag","embeddable":true,"href":"https:\/\/www.sudoestehoje.com.br\/novoportal\/wp-json\/wp\/v2\/tags?post=47136"}],"curies":[{"name":"wp","href":"https:\/\/api.w.org\/{rel}","templated":true}]}}