
{"id":4713,"date":"2011-05-02T17:18:58","date_gmt":"2011-05-02T20:18:58","guid":{"rendered":"http:\/\/www.sudoestehoje.com.br\/novoportal\/?p=4713"},"modified":"2011-05-02T17:18:58","modified_gmt":"2011-05-02T20:18:58","slug":"foto-de-bin-laden-morto-nao-passa-de-montagem","status":"publish","type":"post","link":"https:\/\/www.sudoestehoje.com.br\/novoportal\/2011\/05\/02\/foto-de-bin-laden-morto-nao-passa-de-montagem\/","title":{"rendered":"FOTO DE BIN LADEN MORTO N\u00c3O PASSA DE MONTAGEM"},"content":{"rendered":"<div>\n<p style=\"text-align: center;\"><em>Composi\u00e7\u00e3o: The Guardian<\/em><br \/>\n<img loading=\"lazy\" decoding=\"async\" class=\"aligncenter\" src=\"http:\/\/www.bahianoticias.com.br\/fotos\/editor\/Image\/FOTOS%20NOVAS\/osama_morto_montagem.jpg\" alt=\"\" width=\"380\" height=\"184\" \/><\/p>\n<p style=\"text-align: center;\"><em><strong>Fotos usadas na montagem<\/strong><\/em><\/p>\n<p>\u00a0<\/p>\n<p>A foto de Osama Bin Laden morto, que tem circulado na internet depois do an\u00fancio da execu\u00e7\u00e3o do l\u00edder da Al Qaeda pelo ex\u00e9rcito dos Estados Unidos, \u00e9 uma farsa. A fotografia atribu\u00edda \u00e0 ag\u00eancia de not\u00edcias Reuters, na verdade, resulta de uma montagem a partir de outra fotografia que j\u00e1 circula na rede mundial h\u00e1 dois anos.<\/p>\n<p>Ap\u00f3s a divulga\u00e7\u00e3o da imagem por uma televis\u00e3o paquistanesa e reproduzida por diversas emissoras de televis\u00e3o, jornais e portais de not\u00edcias, como Times, Telegraph, Sun, G1 e o pr\u00f3prio Bahia Not\u00edcias, a falsifica\u00e7\u00e3o foi descoberta pelo Twitter e divulgada pelo jornal The Guardian, que publica, lado a lado, as duas imagens. A falsa fotografia j\u00e1 havia sido publicada por um jornal do M\u00e9dio Oriente em abril de 2009. BN<\/p>\n<\/div>\n","protected":false},"excerpt":{"rendered":"<p>Composi\u00e7\u00e3o: The Guardian Fotos usadas na montagem \u00a0 A foto de Osama Bin Laden morto, que tem circulado na internet depois do an\u00fancio da execu\u00e7\u00e3o do l\u00edder da Al Qaeda pelo ex\u00e9rcito dos Estados Unidos, \u00e9 uma farsa. A fotografia atribu\u00edda \u00e0 ag\u00eancia de not\u00edcias Reuters, na verdade, resulta de uma montagem a partir de [&hellip;]<\/p>\n","protected":false},"author":2,"featured_media":0,"comment_status":"open","ping_status":"open","sticky":false,"template":"","format":"standard","meta":{"footnotes":"","_links_to":"","_links_to_target":""},"categories":[1],"tags":[],"class_list":["post-4713","post","type-post","status-publish","format-standard","hentry","category-geral"],"views":1644,"_links":{"self":[{"href":"https:\/\/www.sudoestehoje.com.br\/novoportal\/wp-json\/wp\/v2\/posts\/4713","targetHints":{"allow":["GET"]}}],"collection":[{"href":"https:\/\/www.sudoestehoje.com.br\/novoportal\/wp-json\/wp\/v2\/posts"}],"about":[{"href":"https:\/\/www.sudoestehoje.com.br\/novoportal\/wp-json\/wp\/v2\/types\/post"}],"author":[{"embeddable":true,"href":"https:\/\/www.sudoestehoje.com.br\/novoportal\/wp-json\/wp\/v2\/users\/2"}],"replies":[{"embeddable":true,"href":"https:\/\/www.sudoestehoje.com.br\/novoportal\/wp-json\/wp\/v2\/comments?post=4713"}],"version-history":[{"count":2,"href":"https:\/\/www.sudoestehoje.com.br\/novoportal\/wp-json\/wp\/v2\/posts\/4713\/revisions"}],"predecessor-version":[{"id":4715,"href":"https:\/\/www.sudoestehoje.com.br\/novoportal\/wp-json\/wp\/v2\/posts\/4713\/revisions\/4715"}],"wp:attachment":[{"href":"https:\/\/www.sudoestehoje.com.br\/novoportal\/wp-json\/wp\/v2\/media?parent=4713"}],"wp:term":[{"taxonomy":"category","embeddable":true,"href":"https:\/\/www.sudoestehoje.com.br\/novoportal\/wp-json\/wp\/v2\/categories?post=4713"},{"taxonomy":"post_tag","embeddable":true,"href":"https:\/\/www.sudoestehoje.com.br\/novoportal\/wp-json\/wp\/v2\/tags?post=4713"}],"curies":[{"name":"wp","href":"https:\/\/api.w.org\/{rel}","templated":true}]}}