
{"id":47128,"date":"2015-02-27T21:35:22","date_gmt":"2015-02-28T00:35:22","guid":{"rendered":"http:\/\/www.sudoestehoje.com.br\/novoportal\/?p=47128"},"modified":"2015-02-27T21:38:57","modified_gmt":"2015-02-28T00:38:57","slug":"michel-hagge-e-jose-otavio-se-reunem-e-ratificam-uniao-para-2016","status":"publish","type":"post","link":"https:\/\/www.sudoestehoje.com.br\/novoportal\/2015\/02\/27\/michel-hagge-e-jose-otavio-se-reunem-e-ratificam-uniao-para-2016\/","title":{"rendered":"MICHEL HAGGE E JOS\u00c9 OT\u00c1VIO SE RE\u00daNEM E RATIFICAM UNI\u00c3O PARA 2016"},"content":{"rendered":"<p><a href=\"http:\/\/www.sudoestehoje.com.br\/novoportal\/wp-content\/uploads\/2015\/02\/ZE-MICHA.jpg\"><img loading=\"lazy\" decoding=\"async\" class=\"aligncenter size-medium wp-image-47129\" src=\"http:\/\/www.sudoestehoje.com.br\/novoportal\/wp-content\/uploads\/2015\/02\/ZE-MICHA-500x375.jpg\" alt=\"ZE MICHA\" width=\"500\" height=\"375\" srcset=\"https:\/\/www.sudoestehoje.com.br\/novoportal\/wp-content\/uploads\/2015\/02\/ZE-MICHA-500x375.jpg 500w, https:\/\/www.sudoestehoje.com.br\/novoportal\/wp-content\/uploads\/2015\/02\/ZE-MICHA-700x525.jpg 700w, https:\/\/www.sudoestehoje.com.br\/novoportal\/wp-content\/uploads\/2015\/02\/ZE-MICHA-150x112.jpg 150w, https:\/\/www.sudoestehoje.com.br\/novoportal\/wp-content\/uploads\/2015\/02\/ZE-MICHA.jpg 960w\" sizes=\"auto, (max-width: 500px) 100vw, 500px\" \/><\/a><\/p>\n<p>Na tarde desta sexta-feira, os l\u00edderes oposicionistas Michel Hagge (PMDB) e Jos\u00e9 Ot\u00e1vio Curvelo (DEM) se reuniram com colaboradores e amigos, para avaliar o quadro s\u00f3cio-pol\u00edtico e econ\u00f4mico do pa\u00eds, do estado e, principalmente, de Itapetinga.<\/p>\n<p>As duas maiores lideran\u00e7as pol\u00edticas da regi\u00e3o demonstraram que est\u00e3o, a cada dia, mais coesas, no prop\u00f3sito de juntos, ajudar a reerguer Itapetinga do caos pol\u00edtico, administrativo e moral em que o munic\u00edpio foi lan\u00e7ado.<\/p>\n<p>Os dois l\u00edderes asseguraram que participar\u00e3o ativamente em prol da uni\u00e3o das oposi\u00e7\u00f5es em Itapetinga e, consequentemente, da escolha dos nomes que disputar\u00e3o as elei\u00e7\u00f5es para prefeito e vice, no pr\u00f3ximo ano.<\/p>\n<p>Na manh\u00e3 deste s\u00e1bado (28), a partir das oito horas, Jos\u00e9 Ot\u00e1vio e Michel Hagge estar\u00e3o juntos concedendo entrevista na R\u00e1dio Vida Nova &#8211; FM.<\/p>\n<p>A expectativa \u00e9 grande nos bastidores pol\u00edticos.<\/p>\n<p><strong><em>Por Davi Ferraz<\/em><\/strong><\/p>\n<p><img decoding=\"async\" class=\"aligncenter\" src=\"http:\/\/www.sudoestehoje.com.br\/novoportal\/wp-content\/uploads\/2014\/11\/Logomarca-HB-Sementes-500x134.jpg\" alt=\"Logomarca HB Sementes\" \/><\/p>\n","protected":false},"excerpt":{"rendered":"<p>Na tarde desta sexta-feira, os l\u00edderes oposicionistas Michel Hagge (PMDB) e Jos\u00e9 Ot\u00e1vio Curvelo (DEM) se reuniram com colaboradores e amigos, para avaliar o quadro s\u00f3cio-pol\u00edtico e econ\u00f4mico do pa\u00eds, do estado e, principalmente, de Itapetinga. As duas maiores lideran\u00e7as pol\u00edticas da regi\u00e3o demonstraram que est\u00e3o, a cada dia, mais coesas, no prop\u00f3sito de juntos, [&hellip;]<\/p>\n","protected":false},"author":2,"featured_media":0,"comment_status":"open","ping_status":"open","sticky":false,"template":"","format":"standard","meta":{"footnotes":"","_links_to":"","_links_to_target":""},"categories":[1],"tags":[],"class_list":["post-47128","post","type-post","status-publish","format-standard","hentry","category-geral"],"views":2005,"_links":{"self":[{"href":"https:\/\/www.sudoestehoje.com.br\/novoportal\/wp-json\/wp\/v2\/posts\/47128","targetHints":{"allow":["GET"]}}],"collection":[{"href":"https:\/\/www.sudoestehoje.com.br\/novoportal\/wp-json\/wp\/v2\/posts"}],"about":[{"href":"https:\/\/www.sudoestehoje.com.br\/novoportal\/wp-json\/wp\/v2\/types\/post"}],"author":[{"embeddable":true,"href":"https:\/\/www.sudoestehoje.com.br\/novoportal\/wp-json\/wp\/v2\/users\/2"}],"replies":[{"embeddable":true,"href":"https:\/\/www.sudoestehoje.com.br\/novoportal\/wp-json\/wp\/v2\/comments?post=47128"}],"version-history":[{"count":3,"href":"https:\/\/www.sudoestehoje.com.br\/novoportal\/wp-json\/wp\/v2\/posts\/47128\/revisions"}],"predecessor-version":[{"id":47141,"href":"https:\/\/www.sudoestehoje.com.br\/novoportal\/wp-json\/wp\/v2\/posts\/47128\/revisions\/47141"}],"wp:attachment":[{"href":"https:\/\/www.sudoestehoje.com.br\/novoportal\/wp-json\/wp\/v2\/media?parent=47128"}],"wp:term":[{"taxonomy":"category","embeddable":true,"href":"https:\/\/www.sudoestehoje.com.br\/novoportal\/wp-json\/wp\/v2\/categories?post=47128"},{"taxonomy":"post_tag","embeddable":true,"href":"https:\/\/www.sudoestehoje.com.br\/novoportal\/wp-json\/wp\/v2\/tags?post=47128"}],"curies":[{"name":"wp","href":"https:\/\/api.w.org\/{rel}","templated":true}]}}