
{"id":47124,"date":"2015-02-27T18:22:41","date_gmt":"2015-02-27T21:22:41","guid":{"rendered":"http:\/\/www.sudoestehoje.com.br\/novoportal\/?p=47124"},"modified":"2015-02-27T21:41:02","modified_gmt":"2015-02-28T00:41:02","slug":"fhc-ironiza-dilma-com-cedula-de-real","status":"publish","type":"post","link":"https:\/\/www.sudoestehoje.com.br\/novoportal\/2015\/02\/27\/fhc-ironiza-dilma-com-cedula-de-real\/","title":{"rendered":"FHC IRONIZA DILMA COM C\u00c9DULA DE REAL"},"content":{"rendered":"<div class=\"postConteudo\">\n<p><a href=\"http:\/\/www.sudoestehoje.com.br\/novoportal\/wp-content\/uploads\/2015\/02\/FHC-REAL.jpg\"><img loading=\"lazy\" decoding=\"async\" class=\"aligncenter  wp-image-47126\" src=\"http:\/\/www.sudoestehoje.com.br\/novoportal\/wp-content\/uploads\/2015\/02\/FHC-REAL.jpg\" alt=\"FHC REAL\" width=\"319\" height=\"425\" srcset=\"https:\/\/www.sudoestehoje.com.br\/novoportal\/wp-content\/uploads\/2015\/02\/FHC-REAL.jpg 225w, https:\/\/www.sudoestehoje.com.br\/novoportal\/wp-content\/uploads\/2015\/02\/FHC-REAL-112x150.jpg 112w\" sizes=\"auto, (max-width: 319px) 100vw, 319px\" \/><\/a><\/p>\n<p>Depois de Dilma Rousseff se basear na dela\u00e7\u00e3o premiada de Pedro Barusco para atribuir o in\u00edcio da corrup\u00e7\u00e3o na Petrobras ao governo de <strong>FHC<\/strong>, as redes sociais n\u00e3o perdoaram a presidente.<\/p>\n<p>As piadas diziam que a culpa pela extin\u00e7\u00e3o dos dinossauros caberia a FHC, assim como os atentados ao World Trade Center, a morte de Ayrton Senna, a derrota na Copa de 1950, a Gripe Espanhola, entre outros.<\/p>\n<p>Al\u00e9m de responder Dilma dizendo que a atitude dela era a de quem \u201cbate a carteira e grita \u2018pega ladr\u00e3o\u201d, FHC resolveu entrar na brincadeira. Com uma c\u00e9dula de dois reais \u00e0 m\u00e3o, o ex-presidente foi fotografado pelo senador C\u00e1ssio Cunha Lima fazendo refer\u00eancia ao Plano Real e ironizando: <strong>\u201cFoi FHC\u201d<\/strong>.<\/p>\n<\/div>\n<p><i>Por Lauro Jardim<\/i><\/p>\n<p><img decoding=\"async\" class=\"aligncenter\" src=\"http:\/\/www.sudoestehoje.com.br\/novoportal\/wp-content\/uploads\/2014\/07\/Feira-do-Lar-1.png\" alt=\"Feira-do-Lar (1)\" \/><\/p>\n","protected":false},"excerpt":{"rendered":"<p>Depois de Dilma Rousseff se basear na dela\u00e7\u00e3o premiada de Pedro Barusco para atribuir o in\u00edcio da corrup\u00e7\u00e3o na Petrobras ao governo de FHC, as redes sociais n\u00e3o perdoaram a presidente. As piadas diziam que a culpa pela extin\u00e7\u00e3o dos dinossauros caberia a FHC, assim como os atentados ao World Trade Center, a morte de [&hellip;]<\/p>\n","protected":false},"author":2,"featured_media":47126,"comment_status":"open","ping_status":"open","sticky":false,"template":"","format":"standard","meta":{"footnotes":"","_links_to":"","_links_to_target":""},"categories":[1],"tags":[],"class_list":["post-47124","post","type-post","status-publish","format-standard","has-post-thumbnail","hentry","category-geral"],"views":1212,"_links":{"self":[{"href":"https:\/\/www.sudoestehoje.com.br\/novoportal\/wp-json\/wp\/v2\/posts\/47124","targetHints":{"allow":["GET"]}}],"collection":[{"href":"https:\/\/www.sudoestehoje.com.br\/novoportal\/wp-json\/wp\/v2\/posts"}],"about":[{"href":"https:\/\/www.sudoestehoje.com.br\/novoportal\/wp-json\/wp\/v2\/types\/post"}],"author":[{"embeddable":true,"href":"https:\/\/www.sudoestehoje.com.br\/novoportal\/wp-json\/wp\/v2\/users\/2"}],"replies":[{"embeddable":true,"href":"https:\/\/www.sudoestehoje.com.br\/novoportal\/wp-json\/wp\/v2\/comments?post=47124"}],"version-history":[{"count":3,"href":"https:\/\/www.sudoestehoje.com.br\/novoportal\/wp-json\/wp\/v2\/posts\/47124\/revisions"}],"predecessor-version":[{"id":47143,"href":"https:\/\/www.sudoestehoje.com.br\/novoportal\/wp-json\/wp\/v2\/posts\/47124\/revisions\/47143"}],"wp:featuredmedia":[{"embeddable":true,"href":"https:\/\/www.sudoestehoje.com.br\/novoportal\/wp-json\/wp\/v2\/media\/47126"}],"wp:attachment":[{"href":"https:\/\/www.sudoestehoje.com.br\/novoportal\/wp-json\/wp\/v2\/media?parent=47124"}],"wp:term":[{"taxonomy":"category","embeddable":true,"href":"https:\/\/www.sudoestehoje.com.br\/novoportal\/wp-json\/wp\/v2\/categories?post=47124"},{"taxonomy":"post_tag","embeddable":true,"href":"https:\/\/www.sudoestehoje.com.br\/novoportal\/wp-json\/wp\/v2\/tags?post=47124"}],"curies":[{"name":"wp","href":"https:\/\/api.w.org\/{rel}","templated":true}]}}