
{"id":47121,"date":"2015-02-27T18:11:34","date_gmt":"2015-02-27T21:11:34","guid":{"rendered":"http:\/\/www.sudoestehoje.com.br\/novoportal\/?p=47121"},"modified":"2015-02-27T21:42:07","modified_gmt":"2015-02-28T00:42:07","slug":"herzem-tomara-posse-na-terca-e-sera-vice-lider-da-oposicao-na-al","status":"publish","type":"post","link":"https:\/\/www.sudoestehoje.com.br\/novoportal\/2015\/02\/27\/herzem-tomara-posse-na-terca-e-sera-vice-lider-da-oposicao-na-al\/","title":{"rendered":"HERZEM TOMAR\u00c1 POSSE NA TER\u00c7A E SER\u00c1 VICE-L\u00cdDER DA OPOSI\u00c7\u00c3O NA AL"},"content":{"rendered":"<p><a href=\"http:\/\/www.sudoestehoje.com.br\/novoportal\/wp-content\/uploads\/2015\/02\/foto-herzem31.jpg\"><img loading=\"lazy\" decoding=\"async\" class=\"wp-image-47122 alignleft\" src=\"http:\/\/www.sudoestehoje.com.br\/novoportal\/wp-content\/uploads\/2015\/02\/foto-herzem31.jpg\" alt=\"foto-herzem31\" width=\"300\" height=\"331\" srcset=\"https:\/\/www.sudoestehoje.com.br\/novoportal\/wp-content\/uploads\/2015\/02\/foto-herzem31.jpg 500w, https:\/\/www.sudoestehoje.com.br\/novoportal\/wp-content\/uploads\/2015\/02\/foto-herzem31-136x150.jpg 136w\" sizes=\"auto, (max-width: 300px) 100vw, 300px\" \/><\/a><\/p>\n<p>No programa Resenha Geral, da R\u00e1dio Clube (FM 95,9), o jornalista Herzem Gusm\u00e3o anunciou que tomar\u00e1 posse na pr\u00f3xima ter\u00e7a-feira (3 de mar\u00e7o). A posse acontecer\u00e1 logo ap\u00f3s o deputado estadual Bruno Reis (PMDB) assumir a Secretaria Municipal de A\u00e7\u00e3o Social e Combate a Pobreza \u2013 SEMPS -, da Prefeitura de Salvador.<\/p>\n<p>\u201cNa pr\u00f3xima ter\u00e7a-feira, eu acompanharei a posse de Bruno Reis na Secretaria, \u00e0s 10h. Logo em seguida, a tarde, eu tomarei posse do meu mandato como deputado estadual, com f\u00e9 em Deus\u201d, revelou Gusm\u00e3o, que tamb\u00e9m informou que j\u00e1 deu entrada na documenta\u00e7\u00e3o na Assembleia Legislativa para a cerim\u00f4nia de posse.<\/p>\n<p>Herzem tamb\u00e9m adiantou que assumir\u00e1 a vice-lideran\u00e7a da oposi\u00e7\u00e3o na Assembleia. \u201cAl\u00e9m da vice-lideran\u00e7a vou participar de duas comiss\u00f5es important\u00edssimas, a de \u2018Educa\u00e7\u00e3o, Ci\u00eancia e Tecnologia\u2019 e de \u2018Finan\u00e7as, Or\u00e7amento, Fiscaliza\u00e7\u00e3o e Controle\u2019. E ontem, o deputado Pedro Tavares tamb\u00e9m colocou \u00e0 disposi\u00e7\u00e3o uma vaga na Comiss\u00e3o de Seguran\u00e7a\u201d. Resenha Geral<\/p>\n<p><img decoding=\"async\" class=\"aligncenter\" src=\"http:\/\/www.sudoestehoje.com.br\/novoportal\/wp-content\/uploads\/2015\/02\/NOVO-BANNER-COOLEITE-500x250.jpg\" alt=\"NOVO BANNER COOLEITE\" \/><\/p>\n","protected":false},"excerpt":{"rendered":"<p>No programa Resenha Geral, da R\u00e1dio Clube (FM 95,9), o jornalista Herzem Gusm\u00e3o anunciou que tomar\u00e1 posse na pr\u00f3xima ter\u00e7a-feira (3 de mar\u00e7o). A posse acontecer\u00e1 logo ap\u00f3s o deputado estadual Bruno Reis (PMDB) assumir a Secretaria Municipal de A\u00e7\u00e3o Social e Combate a Pobreza \u2013 SEMPS -, da Prefeitura de Salvador. \u201cNa pr\u00f3xima ter\u00e7a-feira, [&hellip;]<\/p>\n","protected":false},"author":2,"featured_media":0,"comment_status":"open","ping_status":"open","sticky":false,"template":"","format":"standard","meta":{"footnotes":"","_links_to":"","_links_to_target":""},"categories":[1],"tags":[],"class_list":["post-47121","post","type-post","status-publish","format-standard","hentry","category-geral"],"views":1393,"_links":{"self":[{"href":"https:\/\/www.sudoestehoje.com.br\/novoportal\/wp-json\/wp\/v2\/posts\/47121","targetHints":{"allow":["GET"]}}],"collection":[{"href":"https:\/\/www.sudoestehoje.com.br\/novoportal\/wp-json\/wp\/v2\/posts"}],"about":[{"href":"https:\/\/www.sudoestehoje.com.br\/novoportal\/wp-json\/wp\/v2\/types\/post"}],"author":[{"embeddable":true,"href":"https:\/\/www.sudoestehoje.com.br\/novoportal\/wp-json\/wp\/v2\/users\/2"}],"replies":[{"embeddable":true,"href":"https:\/\/www.sudoestehoje.com.br\/novoportal\/wp-json\/wp\/v2\/comments?post=47121"}],"version-history":[{"count":2,"href":"https:\/\/www.sudoestehoje.com.br\/novoportal\/wp-json\/wp\/v2\/posts\/47121\/revisions"}],"predecessor-version":[{"id":47144,"href":"https:\/\/www.sudoestehoje.com.br\/novoportal\/wp-json\/wp\/v2\/posts\/47121\/revisions\/47144"}],"wp:attachment":[{"href":"https:\/\/www.sudoestehoje.com.br\/novoportal\/wp-json\/wp\/v2\/media?parent=47121"}],"wp:term":[{"taxonomy":"category","embeddable":true,"href":"https:\/\/www.sudoestehoje.com.br\/novoportal\/wp-json\/wp\/v2\/categories?post=47121"},{"taxonomy":"post_tag","embeddable":true,"href":"https:\/\/www.sudoestehoje.com.br\/novoportal\/wp-json\/wp\/v2\/tags?post=47121"}],"curies":[{"name":"wp","href":"https:\/\/api.w.org\/{rel}","templated":true}]}}