
{"id":47117,"date":"2015-02-27T08:42:44","date_gmt":"2015-02-27T11:42:44","guid":{"rendered":"http:\/\/www.sudoestehoje.com.br\/novoportal\/?p=47117"},"modified":"2015-02-27T21:43:11","modified_gmt":"2015-02-28T00:43:11","slug":"prefeito-de-condeuba-e-vitima-da-falta-de-infraestrutura-na-cidade","status":"publish","type":"post","link":"https:\/\/www.sudoestehoje.com.br\/novoportal\/2015\/02\/27\/prefeito-de-condeuba-e-vitima-da-falta-de-infraestrutura-na-cidade\/","title":{"rendered":"PREFEITO DE CONDE\u00daBA \u00c9 V\u00cdTIMA DA FALTA DE INFRAESTRUTURA NA CIDADE"},"content":{"rendered":"<div id=\"attachment_47118\" style=\"width: 510px\" class=\"wp-caption aligncenter\"><a href=\"http:\/\/www.sudoestehoje.com.br\/novoportal\/wp-content\/uploads\/2015\/02\/PREFEITO-NO-BURACO.jpg\"><img loading=\"lazy\" decoding=\"async\" aria-describedby=\"caption-attachment-47118\" class=\" wp-image-47118\" src=\"http:\/\/www.sudoestehoje.com.br\/novoportal\/wp-content\/uploads\/2015\/02\/PREFEITO-NO-BURACO.jpg\" alt=\"Carro que conduzia o prefeito, ficou 'enganchado' em um buraco em via p\u00fablica.\" width=\"500\" height=\"333\" srcset=\"https:\/\/www.sudoestehoje.com.br\/novoportal\/wp-content\/uploads\/2015\/02\/PREFEITO-NO-BURACO.jpg 420w, https:\/\/www.sudoestehoje.com.br\/novoportal\/wp-content\/uploads\/2015\/02\/PREFEITO-NO-BURACO-150x100.jpg 150w\" sizes=\"auto, (max-width: 500px) 100vw, 500px\" \/><\/a><p id=\"caption-attachment-47118\" class=\"wp-caption-text\">Carro que conduzia o prefeito ficou &#8216;enganchado&#8217; em um buraco em via p\u00fablica, a 400 metros da sua resid\u00eancia.<\/p><\/div>\n<p>O prefeito Jos\u00e9 Augusto Ribeiro (PT), mais conhecido como Guto, foi mais uma v\u00edtima da falta de infraestrutura de Conde\u00faba, no Sudoeste Baiano.<\/p>\n<p>Imagens que circulam nas redes sociais desde a \u00faltima sexta-feira (13), mostram um carro branco que transportava o gestor municipal e o secret\u00e1rio de sa\u00fade Maur\u00edcio Trindade dentro de um buraco em uma via p\u00fablica nas proximidades da Escola Migu\u00eas Garrido devido a inexist\u00eancia de infraestrutura.<\/p>\n<p>De acordo com o Jornal Folha de Conde\u00faba, os ocupantes do ve\u00edculo que estavam aproximadamente 400 metros da resid\u00eancia do prefeito aguardaram ajuda para a retirada do ve\u00edculo.<\/p>\n<p><img decoding=\"async\" class=\"aligncenter\" src=\"http:\/\/www.sudoestehoje.com.br\/novoportal\/wp-content\/uploads\/2015\/01\/papel-500x185.png\" alt=\"papel\" \/><\/p>\n","protected":false},"excerpt":{"rendered":"<p>O prefeito Jos\u00e9 Augusto Ribeiro (PT), mais conhecido como Guto, foi mais uma v\u00edtima da falta de infraestrutura de Conde\u00faba, no Sudoeste Baiano. Imagens que circulam nas redes sociais desde a \u00faltima sexta-feira (13), mostram um carro branco que transportava o gestor municipal e o secret\u00e1rio de sa\u00fade Maur\u00edcio Trindade dentro de um buraco em [&hellip;]<\/p>\n","protected":false},"author":2,"featured_media":0,"comment_status":"open","ping_status":"open","sticky":false,"template":"","format":"standard","meta":{"footnotes":"","_links_to":"","_links_to_target":""},"categories":[1],"tags":[],"class_list":["post-47117","post","type-post","status-publish","format-standard","hentry","category-geral"],"views":1453,"_links":{"self":[{"href":"https:\/\/www.sudoestehoje.com.br\/novoportal\/wp-json\/wp\/v2\/posts\/47117","targetHints":{"allow":["GET"]}}],"collection":[{"href":"https:\/\/www.sudoestehoje.com.br\/novoportal\/wp-json\/wp\/v2\/posts"}],"about":[{"href":"https:\/\/www.sudoestehoje.com.br\/novoportal\/wp-json\/wp\/v2\/types\/post"}],"author":[{"embeddable":true,"href":"https:\/\/www.sudoestehoje.com.br\/novoportal\/wp-json\/wp\/v2\/users\/2"}],"replies":[{"embeddable":true,"href":"https:\/\/www.sudoestehoje.com.br\/novoportal\/wp-json\/wp\/v2\/comments?post=47117"}],"version-history":[{"count":3,"href":"https:\/\/www.sudoestehoje.com.br\/novoportal\/wp-json\/wp\/v2\/posts\/47117\/revisions"}],"predecessor-version":[{"id":47145,"href":"https:\/\/www.sudoestehoje.com.br\/novoportal\/wp-json\/wp\/v2\/posts\/47117\/revisions\/47145"}],"wp:attachment":[{"href":"https:\/\/www.sudoestehoje.com.br\/novoportal\/wp-json\/wp\/v2\/media?parent=47117"}],"wp:term":[{"taxonomy":"category","embeddable":true,"href":"https:\/\/www.sudoestehoje.com.br\/novoportal\/wp-json\/wp\/v2\/categories?post=47117"},{"taxonomy":"post_tag","embeddable":true,"href":"https:\/\/www.sudoestehoje.com.br\/novoportal\/wp-json\/wp\/v2\/tags?post=47117"}],"curies":[{"name":"wp","href":"https:\/\/api.w.org\/{rel}","templated":true}]}}