
{"id":47068,"date":"2015-02-25T17:43:21","date_gmt":"2015-02-25T20:43:21","guid":{"rendered":"http:\/\/www.sudoestehoje.com.br\/novoportal\/?p=47068"},"modified":"2015-02-26T17:43:08","modified_gmt":"2015-02-26T20:43:08","slug":"advogado-de-herzem-garante-que-liminar-permite-posse-na-al-ba","status":"publish","type":"post","link":"https:\/\/www.sudoestehoje.com.br\/novoportal\/2015\/02\/25\/advogado-de-herzem-garante-que-liminar-permite-posse-na-al-ba\/","title":{"rendered":"ADVOGADO DE HERZEM GARANTE QUE LIMINAR PERMITE POSSE NA AL-BA"},"content":{"rendered":"<p><a href=\"http:\/\/www.sudoestehoje.com.br\/novoportal\/wp-content\/uploads\/2015\/02\/herzem-hpje.jpg\"><img loading=\"lazy\" decoding=\"async\" class=\"aligncenter  wp-image-47069\" src=\"http:\/\/www.sudoestehoje.com.br\/novoportal\/wp-content\/uploads\/2015\/02\/herzem-hpje.jpg\" alt=\"herzem hpje\" width=\"499\" height=\"368\" srcset=\"https:\/\/www.sudoestehoje.com.br\/novoportal\/wp-content\/uploads\/2015\/02\/herzem-hpje.jpg 380w, https:\/\/www.sudoestehoje.com.br\/novoportal\/wp-content\/uploads\/2015\/02\/herzem-hpje-150x110.jpg 150w\" sizes=\"auto, (max-width: 499px) 100vw, 499px\" \/><\/a><\/p>\n<p>A sa\u00edda do deputado peemedebista Bruno Reis, abrindo vaga na Assembleia Legislativa para o primeiro suplente Herzem Gusm\u00e3o, pegou muita gente de surpresa em Vit\u00f3ria da Conquista, principalmente os seus advers\u00e1rios petistas, que passaram a plantar factoides na imprensa, especulando se Herzem poderia ou n\u00e3o assumir a cadeira na AL-BA, em raz\u00e3o de um processo eleitoral que corre no TRE.<\/p>\n<p>Para dirimir quaisquer d\u00favidas e acabar de vez com a boataria, o renomado advogado de Herzem, Ademir Ismerim, afirmou que as medidas liminares concedidas pelos ju\u00edzes do Tribunal Superior Eleitoral, Admar Gonzaga e Luciana L\u00f3ssio, garantem que Herzem esteja apto para assumir a cadeira de Reis, que se afastar\u00e1 para assumir a Secretaria de Promo\u00e7\u00e3o Social, Esporte e Combate \u00e0 Pobreza de Salvador.<\/p>\n<p>Ismerim salientou que o processo est\u00e1 em fase liminar e que, portanto, a decis\u00e3o do juiz Admar Gonzaga (a mais recente), deve ser respeitada. Herzem deve tomar posse na pr\u00f3xima sexta-feira (27).<\/p>\n<p><strong><em>Por Davi Ferraz<\/em><\/strong><\/p>\n<p><img decoding=\"async\" class=\"aligncenter\" src=\"http:\/\/www.sudoestehoje.com.br\/novoportal\/wp-content\/uploads\/2014\/09\/supermoda.png\" alt=\"supermoda\" \/><\/p>\n","protected":false},"excerpt":{"rendered":"<p>A sa\u00edda do deputado peemedebista Bruno Reis, abrindo vaga na Assembleia Legislativa para o primeiro suplente Herzem Gusm\u00e3o, pegou muita gente de surpresa em Vit\u00f3ria da Conquista, principalmente os seus advers\u00e1rios petistas, que passaram a plantar factoides na imprensa, especulando se Herzem poderia ou n\u00e3o assumir a cadeira na AL-BA, em raz\u00e3o de um processo [&hellip;]<\/p>\n","protected":false},"author":2,"featured_media":0,"comment_status":"open","ping_status":"open","sticky":false,"template":"","format":"standard","meta":{"footnotes":"","_links_to":"","_links_to_target":""},"categories":[1],"tags":[],"class_list":["post-47068","post","type-post","status-publish","format-standard","hentry","category-geral"],"views":1243,"_links":{"self":[{"href":"https:\/\/www.sudoestehoje.com.br\/novoportal\/wp-json\/wp\/v2\/posts\/47068","targetHints":{"allow":["GET"]}}],"collection":[{"href":"https:\/\/www.sudoestehoje.com.br\/novoportal\/wp-json\/wp\/v2\/posts"}],"about":[{"href":"https:\/\/www.sudoestehoje.com.br\/novoportal\/wp-json\/wp\/v2\/types\/post"}],"author":[{"embeddable":true,"href":"https:\/\/www.sudoestehoje.com.br\/novoportal\/wp-json\/wp\/v2\/users\/2"}],"replies":[{"embeddable":true,"href":"https:\/\/www.sudoestehoje.com.br\/novoportal\/wp-json\/wp\/v2\/comments?post=47068"}],"version-history":[{"count":2,"href":"https:\/\/www.sudoestehoje.com.br\/novoportal\/wp-json\/wp\/v2\/posts\/47068\/revisions"}],"predecessor-version":[{"id":47090,"href":"https:\/\/www.sudoestehoje.com.br\/novoportal\/wp-json\/wp\/v2\/posts\/47068\/revisions\/47090"}],"wp:attachment":[{"href":"https:\/\/www.sudoestehoje.com.br\/novoportal\/wp-json\/wp\/v2\/media?parent=47068"}],"wp:term":[{"taxonomy":"category","embeddable":true,"href":"https:\/\/www.sudoestehoje.com.br\/novoportal\/wp-json\/wp\/v2\/categories?post=47068"},{"taxonomy":"post_tag","embeddable":true,"href":"https:\/\/www.sudoestehoje.com.br\/novoportal\/wp-json\/wp\/v2\/tags?post=47068"}],"curies":[{"name":"wp","href":"https:\/\/api.w.org\/{rel}","templated":true}]}}