
{"id":47060,"date":"2015-02-25T00:48:53","date_gmt":"2015-02-25T03:48:53","guid":{"rendered":"http:\/\/www.sudoestehoje.com.br\/novoportal\/?p=47060"},"modified":"2015-02-25T00:49:58","modified_gmt":"2015-02-25T03:49:58","slug":"ex-diretora-da-direc-14-e-exonerada-de-coordenacao-e-dra-carol-assume","status":"publish","type":"post","link":"https:\/\/www.sudoestehoje.com.br\/novoportal\/2015\/02\/25\/ex-diretora-da-direc-14-e-exonerada-de-coordenacao-e-dra-carol-assume\/","title":{"rendered":"EX-DIRETORA DA DIREC-14 \u00c9 EXONERADA DE COORDENA\u00c7\u00c3O E DRA. CAROL ASSUME"},"content":{"rendered":"<p><a href=\"http:\/\/www.sudoestehoje.com.br\/novoportal\/wp-content\/uploads\/2015\/02\/SUSANE-NRE.jpg\"><img loading=\"lazy\" decoding=\"async\" class=\"aligncenter size-medium wp-image-47062\" src=\"http:\/\/www.sudoestehoje.com.br\/novoportal\/wp-content\/uploads\/2015\/02\/SUSANE-NRE-500x281.jpg\" alt=\"SUSANE NRE\" width=\"500\" height=\"281\" srcset=\"https:\/\/www.sudoestehoje.com.br\/novoportal\/wp-content\/uploads\/2015\/02\/SUSANE-NRE-500x281.jpg 500w, https:\/\/www.sudoestehoje.com.br\/novoportal\/wp-content\/uploads\/2015\/02\/SUSANE-NRE-700x393.jpg 700w, https:\/\/www.sudoestehoje.com.br\/novoportal\/wp-content\/uploads\/2015\/02\/SUSANE-NRE-150x84.jpg 150w, https:\/\/www.sudoestehoje.com.br\/novoportal\/wp-content\/uploads\/2015\/02\/SUSANE-NRE.jpg 907w\" sizes=\"auto, (max-width: 500px) 100vw, 500px\" \/><\/a><\/p>\n<p>Como j\u00e1 informamos em mat\u00e9ria anterior, o prest\u00edgio da secret\u00e1ria de educa\u00e7\u00e3o de Itapetinga, Sibele Nery, continua em queda livre e a sua perman\u00eancia no cargo, est\u00e1 por um fio.<\/p>\n<p>Uma evid\u00eancia disto, foi a exonera\u00e7\u00e3o da sua protegida Susane Martins, que no m\u00eas de janeiro perdeu a coordena\u00e7\u00e3o da antiga Direc 14 para a itororoense Genira, ligada ao deputado Rosemberg Pinto (PT).<\/p>\n<p>Com a nomea\u00e7\u00e3o de Genira, Susane ficou com o cargo de Coodenador II na NRE-08, que substituiu a Direc, mas agora sofreu outro golpe, perdendo o cargo para a advogada Andrea Carolina Alves, ligada ao grupo do senador Otto Alencar.<\/p>\n<p>Dra. Carol, que foi duramente perseguida por Sibele e Susane, perdendo todas as suas atribui\u00e7\u00f5es na Direc, mostrou que tem for\u00e7a e compet\u00eancia, sem falar do prest\u00edgio de quem a indicou para o cargo.<\/p>\n<p>Para quem esperava pela prote\u00e7\u00e3o &#8216;divina&#8217; de Z\u00e9 Carlos e Rosemberg, a\u00ed est\u00e1 a resposta.<\/p>\n<p>Confira abaixo o resumo das Portarias:<!--more--><\/p>\n<p><em>&#8220;Considerar exonerada, com efeito a partir de 20.02.2015, SUSANE MARTINS FERREIRA do cargo de Coordenador II, s\u00edmbolo DAS-3, da Coordena\u00e7\u00e3o de Educa\u00e7\u00e3o Regional, do N\u00facleo Regional de Educa\u00e7\u00e3o do M\u00e9dio Sudoeste da Bahia (NRE 08 \u2013 Itapetinga), da Secretaria da Educa\u00e7\u00e3o.&#8221;<\/em><\/p>\n<p><em>&#8220;Considerar nomeada, com efeito a partir de 20.02.2015, ANDREA CAROLINA GOES ALVES SILVA para o cargo de Coordenador II, s\u00edmbolo DAS-3, da Coordena\u00e7\u00e3o de Educa\u00e7\u00e3o Regional, do N\u00facleo Regional de Educa\u00e7\u00e3o do M\u00e9dio Sudoeste da Bahia (NRE 08 \u2013 Itapetinga), da Secretaria da Educa\u00e7\u00e3o.&#8221;<\/em><\/p>\n","protected":false},"excerpt":{"rendered":"<p>Como j\u00e1 informamos em mat\u00e9ria anterior, o prest\u00edgio da secret\u00e1ria de educa\u00e7\u00e3o de Itapetinga, Sibele Nery, continua em queda livre e a sua perman\u00eancia no cargo, est\u00e1 por um fio. Uma evid\u00eancia disto, foi a exonera\u00e7\u00e3o da sua protegida Susane Martins, que no m\u00eas de janeiro perdeu a coordena\u00e7\u00e3o da antiga Direc 14 para a [&hellip;]<\/p>\n","protected":false},"author":2,"featured_media":0,"comment_status":"open","ping_status":"open","sticky":false,"template":"","format":"standard","meta":{"footnotes":"","_links_to":"","_links_to_target":""},"categories":[1],"tags":[],"class_list":["post-47060","post","type-post","status-publish","format-standard","hentry","category-geral"],"views":1574,"_links":{"self":[{"href":"https:\/\/www.sudoestehoje.com.br\/novoportal\/wp-json\/wp\/v2\/posts\/47060","targetHints":{"allow":["GET"]}}],"collection":[{"href":"https:\/\/www.sudoestehoje.com.br\/novoportal\/wp-json\/wp\/v2\/posts"}],"about":[{"href":"https:\/\/www.sudoestehoje.com.br\/novoportal\/wp-json\/wp\/v2\/types\/post"}],"author":[{"embeddable":true,"href":"https:\/\/www.sudoestehoje.com.br\/novoportal\/wp-json\/wp\/v2\/users\/2"}],"replies":[{"embeddable":true,"href":"https:\/\/www.sudoestehoje.com.br\/novoportal\/wp-json\/wp\/v2\/comments?post=47060"}],"version-history":[{"count":6,"href":"https:\/\/www.sudoestehoje.com.br\/novoportal\/wp-json\/wp\/v2\/posts\/47060\/revisions"}],"predecessor-version":[{"id":47067,"href":"https:\/\/www.sudoestehoje.com.br\/novoportal\/wp-json\/wp\/v2\/posts\/47060\/revisions\/47067"}],"wp:attachment":[{"href":"https:\/\/www.sudoestehoje.com.br\/novoportal\/wp-json\/wp\/v2\/media?parent=47060"}],"wp:term":[{"taxonomy":"category","embeddable":true,"href":"https:\/\/www.sudoestehoje.com.br\/novoportal\/wp-json\/wp\/v2\/categories?post=47060"},{"taxonomy":"post_tag","embeddable":true,"href":"https:\/\/www.sudoestehoje.com.br\/novoportal\/wp-json\/wp\/v2\/tags?post=47060"}],"curies":[{"name":"wp","href":"https:\/\/api.w.org\/{rel}","templated":true}]}}