
{"id":47053,"date":"2015-02-24T21:44:06","date_gmt":"2015-02-25T00:44:06","guid":{"rendered":"http:\/\/www.sudoestehoje.com.br\/novoportal\/?p=47053"},"modified":"2015-02-24T21:44:06","modified_gmt":"2015-02-25T00:44:06","slug":"auxiliar-do-bahia-charles-fabian-vai-estagiar-no-no-bayern-de-munique","status":"publish","type":"post","link":"https:\/\/www.sudoestehoje.com.br\/novoportal\/2015\/02\/24\/auxiliar-do-bahia-charles-fabian-vai-estagiar-no-no-bayern-de-munique\/","title":{"rendered":"AUXILIAR DO BAHIA, CHARLES FABIAN, VAI ESTAGIAR NO NO BAYERN DE MUNIQUE"},"content":{"rendered":"<div><a href=\"http:\/\/www.sudoestehoje.com.br\/novoportal\/wp-content\/uploads\/2015\/02\/CHARLE.jpg\"><img loading=\"lazy\" decoding=\"async\" class=\"wp-image-47055 alignleft\" src=\"http:\/\/www.sudoestehoje.com.br\/novoportal\/wp-content\/uploads\/2015\/02\/CHARLE.jpg\" alt=\"CHARLE\" width=\"233\" height=\"311\" srcset=\"https:\/\/www.sudoestehoje.com.br\/novoportal\/wp-content\/uploads\/2015\/02\/CHARLE.jpg 300w, https:\/\/www.sudoestehoje.com.br\/novoportal\/wp-content\/uploads\/2015\/02\/CHARLE-112x150.jpg 112w\" sizes=\"auto, (max-width: 233px) 100vw, 233px\" \/><\/a><\/div>\n<div>O auxiliar t\u00e9cnico do Bahia, Charles Fabian, ir\u00e1 passar uma temporada na Alemanha para um per\u00edodo de qualifica\u00e7\u00e3o nos clubes europeus. Durante uma semana, o ex-t\u00e9cnico e ex-jogador do Tricolor vai realizar um est\u00e1gio no Bayern de Munique e tamb\u00e9m no Borussia M\u00f6nchengladbach, atual terceiro colocado no Campeonato Alem\u00e3o. Al\u00e9m de acompanhar os treinamentos das equipes, Charles tamb\u00e9m vai assistir 4 partidas dos clubes. &#8220;Ser\u00e1 muito v\u00e1lido para mim. Ser\u00e1 um aprendizado muito grande, observar uma escola diferente, e campe\u00e3 do mundo. \u00c9 a primeira vez que vou poder observar a maneira de trabalho deles, de perto, e com certeza ser\u00e1 importante n\u00e3o s\u00f3 para mim, mas tamb\u00e9m para o Bahia&#8221;, afirmou ao site Bahia Not\u00edcias.<\/div>\n","protected":false},"excerpt":{"rendered":"<p>O auxiliar t\u00e9cnico do Bahia, Charles Fabian, ir\u00e1 passar uma temporada na Alemanha para um per\u00edodo de qualifica\u00e7\u00e3o nos clubes europeus. Durante uma semana, o ex-t\u00e9cnico e ex-jogador do Tricolor vai realizar um est\u00e1gio no Bayern de Munique e tamb\u00e9m no Borussia M\u00f6nchengladbach, atual terceiro colocado no Campeonato Alem\u00e3o. Al\u00e9m de acompanhar os treinamentos das [&hellip;]<\/p>\n","protected":false},"author":2,"featured_media":0,"comment_status":"open","ping_status":"open","sticky":false,"template":"","format":"standard","meta":{"footnotes":"","_links_to":"","_links_to_target":""},"categories":[1],"tags":[],"class_list":["post-47053","post","type-post","status-publish","format-standard","hentry","category-geral"],"views":1343,"_links":{"self":[{"href":"https:\/\/www.sudoestehoje.com.br\/novoportal\/wp-json\/wp\/v2\/posts\/47053","targetHints":{"allow":["GET"]}}],"collection":[{"href":"https:\/\/www.sudoestehoje.com.br\/novoportal\/wp-json\/wp\/v2\/posts"}],"about":[{"href":"https:\/\/www.sudoestehoje.com.br\/novoportal\/wp-json\/wp\/v2\/types\/post"}],"author":[{"embeddable":true,"href":"https:\/\/www.sudoestehoje.com.br\/novoportal\/wp-json\/wp\/v2\/users\/2"}],"replies":[{"embeddable":true,"href":"https:\/\/www.sudoestehoje.com.br\/novoportal\/wp-json\/wp\/v2\/comments?post=47053"}],"version-history":[{"count":2,"href":"https:\/\/www.sudoestehoje.com.br\/novoportal\/wp-json\/wp\/v2\/posts\/47053\/revisions"}],"predecessor-version":[{"id":47056,"href":"https:\/\/www.sudoestehoje.com.br\/novoportal\/wp-json\/wp\/v2\/posts\/47053\/revisions\/47056"}],"wp:attachment":[{"href":"https:\/\/www.sudoestehoje.com.br\/novoportal\/wp-json\/wp\/v2\/media?parent=47053"}],"wp:term":[{"taxonomy":"category","embeddable":true,"href":"https:\/\/www.sudoestehoje.com.br\/novoportal\/wp-json\/wp\/v2\/categories?post=47053"},{"taxonomy":"post_tag","embeddable":true,"href":"https:\/\/www.sudoestehoje.com.br\/novoportal\/wp-json\/wp\/v2\/tags?post=47053"}],"curies":[{"name":"wp","href":"https:\/\/api.w.org\/{rel}","templated":true}]}}