
{"id":47042,"date":"2015-02-24T18:01:34","date_gmt":"2015-02-24T21:01:34","guid":{"rendered":"http:\/\/www.sudoestehoje.com.br\/novoportal\/?p=47042"},"modified":"2015-02-24T18:24:56","modified_gmt":"2015-02-24T21:24:56","slug":"deputado-bruno-reis-se-despede-da-assembleia-e-abre-vaga-para-herzem","status":"publish","type":"post","link":"https:\/\/www.sudoestehoje.com.br\/novoportal\/2015\/02\/24\/deputado-bruno-reis-se-despede-da-assembleia-e-abre-vaga-para-herzem\/","title":{"rendered":"DEPUTADO BRUNO REIS SE DESPEDE DA ASSEMBLEIA E ABRE VAGA PARA HERZEM"},"content":{"rendered":"<p><a href=\"http:\/\/www.sudoestehoje.com.br\/novoportal\/wp-content\/uploads\/2015\/02\/Bruno-e-Herzem-0011.jpg\"><img loading=\"lazy\" decoding=\"async\" class=\"aligncenter size-medium wp-image-47044\" src=\"http:\/\/www.sudoestehoje.com.br\/novoportal\/wp-content\/uploads\/2015\/02\/Bruno-e-Herzem-0011-500x334.jpg\" alt=\"Bruno-e-Herzem-001\" width=\"500\" height=\"334\" srcset=\"https:\/\/www.sudoestehoje.com.br\/novoportal\/wp-content\/uploads\/2015\/02\/Bruno-e-Herzem-0011-500x334.jpg 500w, https:\/\/www.sudoestehoje.com.br\/novoportal\/wp-content\/uploads\/2015\/02\/Bruno-e-Herzem-0011-150x100.jpg 150w, https:\/\/www.sudoestehoje.com.br\/novoportal\/wp-content\/uploads\/2015\/02\/Bruno-e-Herzem-0011.jpg 600w\" sizes=\"auto, (max-width: 500px) 100vw, 500px\" \/><\/a><\/p>\n<p>Com a sa\u00edda do deputado estadual Bruno Reis (PMDB) da Assembleia Legislativa, para assumir um cargo no primeiro escal\u00e3o da Prefeitura de Salvador, Herzem Gusm\u00e3o (PMDB) assume a uma das 63 cadeiras na Casa. Gusm\u00e3o foi diplomado no dia 1\u00ba de janeiro como primeiro suplente da coliga\u00e7\u00e3o.<\/p>\n<p>Logo ap\u00f3s receber a not\u00edcia, Herzem Gusm\u00e3o concedeu entrevista ao programa Balan\u00e7o do Dia, da R\u00e1dio Clube (FM 95,9). Ao jornalista Robson Du Val, Herzem afirmou que <em>\u201ceste mandato n\u00e3o \u00e9 um mandato para tratar de quest\u00f5es pessoais, mas para lembrar que Vit\u00f3ria da Conquista e o Sudoeste existem. Estou indo para Salvador, n\u00e3o com o esp\u00edrito revanchista, mas com o compromisso de representar os bons projetos que eu sei que Vit\u00f3ria da Conquista tem\u201d<\/em>, declarou Gusm\u00e3o, agora como deputado estadual.<\/p>\n<p>Em sua fala, Herzem tamb\u00e9m fez quest\u00e3o de agradecer o l\u00edder oposicionista ACM Neto e destacar o papel de Bruno Reis na Assembleia. <em>\u201cEu quero tamb\u00e9m agradecer \u00e0 ACM Neto, que, chamando o Bruno [Reis], ele tamb\u00e9m est\u00e1 acreditando que eu possa substituir o altura o Bruno, n\u00e3o da mesma forma, j\u00e1 que o Bruno \u00e9 da regi\u00e3o de Salvador, mas como oposi\u00e7\u00e3o na regi\u00e3o Sudoeste do nosso estado\u201d<\/em>, finalizou. Blog da Resenha Geral<\/p>\n","protected":false},"excerpt":{"rendered":"<p>Com a sa\u00edda do deputado estadual Bruno Reis (PMDB) da Assembleia Legislativa, para assumir um cargo no primeiro escal\u00e3o da Prefeitura de Salvador, Herzem Gusm\u00e3o (PMDB) assume a uma das 63 cadeiras na Casa. Gusm\u00e3o foi diplomado no dia 1\u00ba de janeiro como primeiro suplente da coliga\u00e7\u00e3o. Logo ap\u00f3s receber a not\u00edcia, Herzem Gusm\u00e3o concedeu [&hellip;]<\/p>\n","protected":false},"author":2,"featured_media":0,"comment_status":"open","ping_status":"open","sticky":false,"template":"","format":"standard","meta":{"footnotes":"","_links_to":"","_links_to_target":""},"categories":[1],"tags":[],"class_list":["post-47042","post","type-post","status-publish","format-standard","hentry","category-geral"],"views":1325,"_links":{"self":[{"href":"https:\/\/www.sudoestehoje.com.br\/novoportal\/wp-json\/wp\/v2\/posts\/47042","targetHints":{"allow":["GET"]}}],"collection":[{"href":"https:\/\/www.sudoestehoje.com.br\/novoportal\/wp-json\/wp\/v2\/posts"}],"about":[{"href":"https:\/\/www.sudoestehoje.com.br\/novoportal\/wp-json\/wp\/v2\/types\/post"}],"author":[{"embeddable":true,"href":"https:\/\/www.sudoestehoje.com.br\/novoportal\/wp-json\/wp\/v2\/users\/2"}],"replies":[{"embeddable":true,"href":"https:\/\/www.sudoestehoje.com.br\/novoportal\/wp-json\/wp\/v2\/comments?post=47042"}],"version-history":[{"count":5,"href":"https:\/\/www.sudoestehoje.com.br\/novoportal\/wp-json\/wp\/v2\/posts\/47042\/revisions"}],"predecessor-version":[{"id":47049,"href":"https:\/\/www.sudoestehoje.com.br\/novoportal\/wp-json\/wp\/v2\/posts\/47042\/revisions\/47049"}],"wp:attachment":[{"href":"https:\/\/www.sudoestehoje.com.br\/novoportal\/wp-json\/wp\/v2\/media?parent=47042"}],"wp:term":[{"taxonomy":"category","embeddable":true,"href":"https:\/\/www.sudoestehoje.com.br\/novoportal\/wp-json\/wp\/v2\/categories?post=47042"},{"taxonomy":"post_tag","embeddable":true,"href":"https:\/\/www.sudoestehoje.com.br\/novoportal\/wp-json\/wp\/v2\/tags?post=47042"}],"curies":[{"name":"wp","href":"https:\/\/api.w.org\/{rel}","templated":true}]}}