
{"id":47037,"date":"2015-02-24T11:43:27","date_gmt":"2015-02-24T14:43:27","guid":{"rendered":"http:\/\/www.sudoestehoje.com.br\/novoportal\/?p=47037"},"modified":"2015-02-24T12:00:26","modified_gmt":"2015-02-24T15:00:26","slug":"trote-e-proibido-na-uesb","status":"publish","type":"post","link":"https:\/\/www.sudoestehoje.com.br\/novoportal\/2015\/02\/24\/trote-e-proibido-na-uesb\/","title":{"rendered":"TROTE \u00c9 PROIBIDO NA UESB"},"content":{"rendered":"<p><img decoding=\"async\" class=\"alignleft\" src=\"http:\/\/static.blogdaresenhageral.com.br\/wp-content\/uploads\/2015\/02\/trote-proibido.png?20757b\" alt=\"\" \/><\/p>\n<p><span id=\"yui_3_16_0_1_1424788630594_3430\">A tradi\u00e7\u00e3o medieval do trote, revestida da justificativa falha de \u201critual de passagem\u201d, ainda \u00e9 uma das grandes preocupa\u00e7\u00f5es das universidades brasileiras. Com origem na Idade M\u00e9dia, a pr\u00e1tica chegou ao Brasil por volta do s\u00e9culo 19, quando formados em Direito na cidade de Coimbra (Portugal) trouxeram a pr\u00e1tica para os cursos de S\u00e3o Paulo e Pernambuco.<\/span><\/p>\n<p>O pr\u00f3prio termo \u201ctrote\u201d \u00e9 uma alus\u00e3o ao movimento de trotar dos cavalos, evidenciando, claramente, o desejo de \u201cdomesticar\u201d que os estudantes mais antigos desenvolvem, por meio de pr\u00e1ticas vexat\u00f3rias e dolorosas, com os rec\u00e9m-chegados. Mas essas pr\u00e1ticas v\u00e3o al\u00e9m dos danos f\u00edsicos e costumam tamb\u00e9m danificar o psicol\u00f3gico de diversos estudantes que est\u00e3o iniciando sua vida acad\u00eamica.<\/p>\n<p>Desde 2008, a Uesb pro\u00edbe qualquer pr\u00e1tica de trote \u2013 das mais brandas, como usar tinta para identificar os novos estudantes, at\u00e9 as mais duras, que ferem a integridade f\u00edsica, moral e psicoemocional. A determina\u00e7\u00e3o pode ser conferida na Resolu\u00e7\u00e3o do Consu 07\/2008, fruto de uma a\u00e7\u00e3o conjunta da Universidade no sentido de inibir essa pr\u00e1tica.\u00a0<a id=\"yui_3_16_0_1_1424788630594_3450\" href=\"http:\/\/www.uesb.br\/ascom\/ver_noticia_.asp?id=12432\" target=\"_blank\" rel=\"nofollow\"><span id=\"yui_3_16_0_1_1424788630594_3449\">Leia no site<\/span><\/a><\/p>\n","protected":false},"excerpt":{"rendered":"<p>A tradi\u00e7\u00e3o medieval do trote, revestida da justificativa falha de \u201critual de passagem\u201d, ainda \u00e9 uma das grandes preocupa\u00e7\u00f5es das universidades brasileiras. Com origem na Idade M\u00e9dia, a pr\u00e1tica chegou ao Brasil por volta do s\u00e9culo 19, quando formados em Direito na cidade de Coimbra (Portugal) trouxeram a pr\u00e1tica para os cursos de S\u00e3o Paulo [&hellip;]<\/p>\n","protected":false},"author":2,"featured_media":0,"comment_status":"open","ping_status":"open","sticky":false,"template":"","format":"standard","meta":{"footnotes":"","_links_to":"","_links_to_target":""},"categories":[1],"tags":[],"class_list":["post-47037","post","type-post","status-publish","format-standard","hentry","category-geral"],"views":1104,"_links":{"self":[{"href":"https:\/\/www.sudoestehoje.com.br\/novoportal\/wp-json\/wp\/v2\/posts\/47037","targetHints":{"allow":["GET"]}}],"collection":[{"href":"https:\/\/www.sudoestehoje.com.br\/novoportal\/wp-json\/wp\/v2\/posts"}],"about":[{"href":"https:\/\/www.sudoestehoje.com.br\/novoportal\/wp-json\/wp\/v2\/types\/post"}],"author":[{"embeddable":true,"href":"https:\/\/www.sudoestehoje.com.br\/novoportal\/wp-json\/wp\/v2\/users\/2"}],"replies":[{"embeddable":true,"href":"https:\/\/www.sudoestehoje.com.br\/novoportal\/wp-json\/wp\/v2\/comments?post=47037"}],"version-history":[{"count":3,"href":"https:\/\/www.sudoestehoje.com.br\/novoportal\/wp-json\/wp\/v2\/posts\/47037\/revisions"}],"predecessor-version":[{"id":47041,"href":"https:\/\/www.sudoestehoje.com.br\/novoportal\/wp-json\/wp\/v2\/posts\/47037\/revisions\/47041"}],"wp:attachment":[{"href":"https:\/\/www.sudoestehoje.com.br\/novoportal\/wp-json\/wp\/v2\/media?parent=47037"}],"wp:term":[{"taxonomy":"category","embeddable":true,"href":"https:\/\/www.sudoestehoje.com.br\/novoportal\/wp-json\/wp\/v2\/categories?post=47037"},{"taxonomy":"post_tag","embeddable":true,"href":"https:\/\/www.sudoestehoje.com.br\/novoportal\/wp-json\/wp\/v2\/tags?post=47037"}],"curies":[{"name":"wp","href":"https:\/\/api.w.org\/{rel}","templated":true}]}}