
{"id":47030,"date":"2015-02-24T10:54:33","date_gmt":"2015-02-24T13:54:33","guid":{"rendered":"http:\/\/www.sudoestehoje.com.br\/novoportal\/?p=47030"},"modified":"2015-02-24T10:59:04","modified_gmt":"2015-02-24T13:59:04","slug":"itapetinga-dr-jose-otavio-e-o-nome-forte-das-oposicoes-para-2016","status":"publish","type":"post","link":"https:\/\/www.sudoestehoje.com.br\/novoportal\/2015\/02\/24\/itapetinga-dr-jose-otavio-e-o-nome-forte-das-oposicoes-para-2016\/","title":{"rendered":"ITAPETINGA: DR. JOS\u00c9 OT\u00c1VIO \u00c9 O NOME FORTE DAS OPOSI\u00c7\u00d5ES PARA 2016"},"content":{"rendered":"<div id=\"attachment_47031\" style=\"width: 510px\" class=\"wp-caption aligncenter\"><a href=\"http:\/\/www.sudoestehoje.com.br\/novoportal\/wp-content\/uploads\/2015\/02\/michel-e-ze.jpg\"><img loading=\"lazy\" decoding=\"async\" aria-describedby=\"caption-attachment-47031\" class=\"size-full wp-image-47031\" src=\"http:\/\/www.sudoestehoje.com.br\/novoportal\/wp-content\/uploads\/2015\/02\/michel-e-ze.jpg\" alt=\"Candidatura de Jos\u00e9 Ot\u00e1vio com o apoio de Michel Hagge \u00e9 tida como imbat\u00edvel, segundo opini\u00e3o geral.\" width=\"500\" height=\"375\" srcset=\"https:\/\/www.sudoestehoje.com.br\/novoportal\/wp-content\/uploads\/2015\/02\/michel-e-ze.jpg 500w, https:\/\/www.sudoestehoje.com.br\/novoportal\/wp-content\/uploads\/2015\/02\/michel-e-ze-150x112.jpg 150w\" sizes=\"auto, (max-width: 500px) 100vw, 500px\" \/><\/a><p id=\"caption-attachment-47031\" class=\"wp-caption-text\">Candidatura de Jos\u00e9 Ot\u00e1vio (DEM) com o apoio de Michel Hagge (PMDB) \u00e9 tida como imbat\u00edvel em 2016, segundo opini\u00e3o geral.<\/p><\/div>\n<p>Neste momento em que as articula\u00e7\u00f5es pol\u00edticas visando as elei\u00e7\u00f5es de 2016 se intensificam, o nome do m\u00e9dico e ex-prefeito Dr. Jos\u00e9 Ot\u00e1vio Curvelo (DEM) se consolida como o mais forte das oposi\u00e7\u00f5es em Itapetinga, com potencial para decidir as elei\u00e7\u00f5es, por antecipa\u00e7\u00e3o.<\/p>\n<p>Apesar disto, muitas \u00e1guas v\u00e3o rolar at\u00e9 a sua escolha como candidato, at\u00e9 porque a pretendida candidatura \u00fanica das oposi\u00e7\u00f5es n\u00e3o depende somente do seu partido, o Democratas, face ao acordo que Z\u00e9 Ot\u00e1vio e Michel Hagge realizaram para as elei\u00e7\u00f5es de 2012, que garantem estar vigorando at\u00e9 hoje.<\/p>\n<p>Assim, vai pesar na escolha do candidato, a posi\u00e7\u00e3o dos &#8216;gabirabas&#8217;, que tamb\u00e9m devem apresentar nomes de respeito para a forma\u00e7\u00e3o da chapa majorit\u00e1ria, seja para prefeito, ou para vice.<\/p>\n<p>Conversamos, nesta segunda-feira, com o l\u00edder peemedebista Michel Hagge e ele concordou que o nome de Jos\u00e9 Ot\u00e1vio vem sendo ventilado, com muita for\u00e7a, mas que n\u00e3o poderia assumir nenhuma posi\u00e7\u00e3o neste momento, at\u00e9 porque as decis\u00f5es sobre as pretensas candidaturas ser\u00e3o tomadas conjuntamente, no momento pr\u00f3prio.<\/p>\n<p>Outros nomes como os de Dr. Arnaldo Teixeira (PR), Darwin Renan (PMDB), Geraldo Trindade (DEM), Djalma Santos (PMDB) e Adriano Alc\u00e2ntara (PSDB), tamb\u00e9m s\u00e3o lembrados nos meios oposicionistas, por\u00e9m com menor intensidade.<\/p>\n<p>Mas esta \u00e9 s\u00f3 a largada de uma longa corrida&#8230;<\/p>\n<p><strong><em>Por Davi Ferraz\u00a0<\/em><\/strong><\/p>\n<p><img decoding=\"async\" class=\"aligncenter\" src=\"http:\/\/www.sudoestehoje.com.br\/novoportal\/wp-content\/uploads\/2015\/01\/skala-2015-500x166.jpg\" alt=\"skala 2015\" \/><\/p>\n","protected":false},"excerpt":{"rendered":"<p>Neste momento em que as articula\u00e7\u00f5es pol\u00edticas visando as elei\u00e7\u00f5es de 2016 se intensificam, o nome do m\u00e9dico e ex-prefeito Dr. Jos\u00e9 Ot\u00e1vio Curvelo (DEM) se consolida como o mais forte das oposi\u00e7\u00f5es em Itapetinga, com potencial para decidir as elei\u00e7\u00f5es, por antecipa\u00e7\u00e3o. Apesar disto, muitas \u00e1guas v\u00e3o rolar at\u00e9 a sua escolha como candidato, [&hellip;]<\/p>\n","protected":false},"author":2,"featured_media":47031,"comment_status":"open","ping_status":"open","sticky":false,"template":"","format":"standard","meta":{"footnotes":"","_links_to":"","_links_to_target":""},"categories":[1],"tags":[],"class_list":["post-47030","post","type-post","status-publish","format-standard","has-post-thumbnail","hentry","category-geral"],"views":2469,"_links":{"self":[{"href":"https:\/\/www.sudoestehoje.com.br\/novoportal\/wp-json\/wp\/v2\/posts\/47030","targetHints":{"allow":["GET"]}}],"collection":[{"href":"https:\/\/www.sudoestehoje.com.br\/novoportal\/wp-json\/wp\/v2\/posts"}],"about":[{"href":"https:\/\/www.sudoestehoje.com.br\/novoportal\/wp-json\/wp\/v2\/types\/post"}],"author":[{"embeddable":true,"href":"https:\/\/www.sudoestehoje.com.br\/novoportal\/wp-json\/wp\/v2\/users\/2"}],"replies":[{"embeddable":true,"href":"https:\/\/www.sudoestehoje.com.br\/novoportal\/wp-json\/wp\/v2\/comments?post=47030"}],"version-history":[{"count":2,"href":"https:\/\/www.sudoestehoje.com.br\/novoportal\/wp-json\/wp\/v2\/posts\/47030\/revisions"}],"predecessor-version":[{"id":47033,"href":"https:\/\/www.sudoestehoje.com.br\/novoportal\/wp-json\/wp\/v2\/posts\/47030\/revisions\/47033"}],"wp:featuredmedia":[{"embeddable":true,"href":"https:\/\/www.sudoestehoje.com.br\/novoportal\/wp-json\/wp\/v2\/media\/47031"}],"wp:attachment":[{"href":"https:\/\/www.sudoestehoje.com.br\/novoportal\/wp-json\/wp\/v2\/media?parent=47030"}],"wp:term":[{"taxonomy":"category","embeddable":true,"href":"https:\/\/www.sudoestehoje.com.br\/novoportal\/wp-json\/wp\/v2\/categories?post=47030"},{"taxonomy":"post_tag","embeddable":true,"href":"https:\/\/www.sudoestehoje.com.br\/novoportal\/wp-json\/wp\/v2\/tags?post=47030"}],"curies":[{"name":"wp","href":"https:\/\/api.w.org\/{rel}","templated":true}]}}