
{"id":47023,"date":"2015-02-24T00:40:30","date_gmt":"2015-02-24T03:40:30","guid":{"rendered":"http:\/\/www.sudoestehoje.com.br\/novoportal\/?p=47023"},"modified":"2015-02-24T18:36:56","modified_gmt":"2015-02-24T21:36:56","slug":"bruno-reis-sera-secretario-de-neto-e-herzem-gusmao-assume-como-deputado","status":"publish","type":"post","link":"https:\/\/www.sudoestehoje.com.br\/novoportal\/2015\/02\/24\/bruno-reis-sera-secretario-de-neto-e-herzem-gusmao-assume-como-deputado\/","title":{"rendered":"BRUNO REIS SER\u00c1 SECRET\u00c1RIO DE NETO E HERZEM GUSM\u00c3O ASSUME COMO DEPUTADO"},"content":{"rendered":"<p><a href=\"http:\/\/www.sudoestehoje.com.br\/novoportal\/wp-content\/uploads\/2015\/02\/BRUNO-REIS.jpg\"><img loading=\"lazy\" decoding=\"async\" class=\"aligncenter  wp-image-47025\" src=\"http:\/\/www.sudoestehoje.com.br\/novoportal\/wp-content\/uploads\/2015\/02\/BRUNO-REIS.jpg\" alt=\"BRUNO REIS\" width=\"500\" height=\"333\" srcset=\"https:\/\/www.sudoestehoje.com.br\/novoportal\/wp-content\/uploads\/2015\/02\/BRUNO-REIS.jpg 420w, https:\/\/www.sudoestehoje.com.br\/novoportal\/wp-content\/uploads\/2015\/02\/BRUNO-REIS-150x100.jpg 150w\" sizes=\"auto, (max-width: 500px) 100vw, 500px\" \/><\/a><\/p>\n<p>Nesta segunda-feira ficou definido que o deputado estadual Bruno Reis (PMDB), vai se licenciar do cargo para assumir a secretaria de Promo\u00e7\u00e3o Social e Combate \u00e0 Pobreza na prefeitura de Salvador.<\/p>\n<p>Bruno Reis vai assumir o cargo no lugar de Henrique Trindade, irm\u00e3o do ex-deputado federal Maur\u00edcio Trindade (Pros). O objetivo do prefeito ACM Neto (DEM), \u00e9 viabilizar Bruno para ser o seu vice na elei\u00e7\u00e3o de 2016.<\/p>\n<p>Com a sa\u00edda de Bruno quem assume \u00e9 Herzem Gusm\u00e3o (PMDB), que \u00e9 radialista e ex-candidato a prefeito de Vit\u00f3ria da Conquista. Herzem, que \u00e9 o primeiro suplente do partido, j\u00e1 foi comunicado sobre a sua posse. Pol\u00edticos do Sul da Bahia<\/p>\n<p><img decoding=\"async\" class=\"aligncenter\" src=\"http:\/\/www.sudoestehoje.com.br\/novoportal\/wp-content\/uploads\/2014\/12\/Banner-Casabella-500x104.jpg\" alt=\"Banner Casabella\" \/><\/p>\n","protected":false},"excerpt":{"rendered":"<p>Nesta segunda-feira ficou definido que o deputado estadual Bruno Reis (PMDB), vai se licenciar do cargo para assumir a secretaria de Promo\u00e7\u00e3o Social e Combate \u00e0 Pobreza na prefeitura de Salvador. Bruno Reis vai assumir o cargo no lugar de Henrique Trindade, irm\u00e3o do ex-deputado federal Maur\u00edcio Trindade (Pros). O objetivo do prefeito ACM Neto [&hellip;]<\/p>\n","protected":false},"author":2,"featured_media":0,"comment_status":"open","ping_status":"open","sticky":false,"template":"","format":"standard","meta":{"footnotes":"","_links_to":"","_links_to_target":""},"categories":[1],"tags":[],"class_list":["post-47023","post","type-post","status-publish","format-standard","hentry","category-geral"],"views":1366,"_links":{"self":[{"href":"https:\/\/www.sudoestehoje.com.br\/novoportal\/wp-json\/wp\/v2\/posts\/47023","targetHints":{"allow":["GET"]}}],"collection":[{"href":"https:\/\/www.sudoestehoje.com.br\/novoportal\/wp-json\/wp\/v2\/posts"}],"about":[{"href":"https:\/\/www.sudoestehoje.com.br\/novoportal\/wp-json\/wp\/v2\/types\/post"}],"author":[{"embeddable":true,"href":"https:\/\/www.sudoestehoje.com.br\/novoportal\/wp-json\/wp\/v2\/users\/2"}],"replies":[{"embeddable":true,"href":"https:\/\/www.sudoestehoje.com.br\/novoportal\/wp-json\/wp\/v2\/comments?post=47023"}],"version-history":[{"count":7,"href":"https:\/\/www.sudoestehoje.com.br\/novoportal\/wp-json\/wp\/v2\/posts\/47023\/revisions"}],"predecessor-version":[{"id":47050,"href":"https:\/\/www.sudoestehoje.com.br\/novoportal\/wp-json\/wp\/v2\/posts\/47023\/revisions\/47050"}],"wp:attachment":[{"href":"https:\/\/www.sudoestehoje.com.br\/novoportal\/wp-json\/wp\/v2\/media?parent=47023"}],"wp:term":[{"taxonomy":"category","embeddable":true,"href":"https:\/\/www.sudoestehoje.com.br\/novoportal\/wp-json\/wp\/v2\/categories?post=47023"},{"taxonomy":"post_tag","embeddable":true,"href":"https:\/\/www.sudoestehoje.com.br\/novoportal\/wp-json\/wp\/v2\/tags?post=47023"}],"curies":[{"name":"wp","href":"https:\/\/api.w.org\/{rel}","templated":true}]}}