
{"id":4702,"date":"2011-05-02T16:35:11","date_gmt":"2011-05-02T19:35:11","guid":{"rendered":"http:\/\/www.sudoestehoje.com.br\/novoportal\/?p=4702"},"modified":"2011-05-02T16:35:11","modified_gmt":"2011-05-02T19:35:11","slug":"o-que-fazer","status":"publish","type":"post","link":"https:\/\/www.sudoestehoje.com.br\/novoportal\/2011\/05\/02\/o-que-fazer\/","title":{"rendered":"O QUE FAZER?"},"content":{"rendered":"<p><a id=\"apf1\" href=\"http:\/\/www.google.com.br\/imgres?imgurl=http:\/\/www.sudoestehoje.com.br\/novoportal\/wp-content\/uploads\/2010\/11\/100_41591.jpg&amp;imgrefurl=http:\/\/www.sudoestehoje.com.br\/novoportal\/2010\/11\/&amp;usg=__Kvm1LfCX0EvvLEi4hTHjHtL17Wk=&amp;h=2748&amp;w=3664&amp;sz=1364&amp;hl=pt-BR&amp;start=2&amp;zoom=1&amp;itbs=1&amp;tbnid=JJAklhNijKSewM:&amp;tbnh=113&amp;tbnw=150&amp;prev=\/search%3Fq%3Djos%25C3%25A9%2Belias%2Bribeiro%26hl%3Dpt-BR%26sa%3DG%26biw%3D1259%26bih%3D649%26gbv%3D2%26tbm%3Disch&amp;ei=nwW_Tba2FIbWgQeCu8CvBw\"><img loading=\"lazy\" decoding=\"async\" id=\"ipfJJAklhNijKSewM:\" class=\"alignleft\" src=\"http:\/\/t0.gstatic.com\/images?q=tbn:ANd9GcR5XcGyfNaYEqbXWKoIALEaAkZ1Sr2-ENNN6fDDtiyrKd__iAtcW0LEhrX1\" alt=\"\" width=\"150\" height=\"113\" \/><\/a>O n\u00famero de faltas ao trabalho na matriz Azal\u00e9ia situa-se no patamar de 6%. Nas filias instaladas na micro-regi\u00e3o os trabalhadores que faltam ao trabalho s\u00e3o 2,5%, n\u00famero muito pr\u00f3ximo da m\u00e9dia das outras f\u00e1bricas do grupo. A quantidade de atestados m\u00e9dicos apresentados para justificar faltas ao trabalho s\u00e3o absurdamente altos se comparados com a m\u00e9dia das outras plantas da empresa.<\/p>\n<p>Desaquecimento das vendas no mercado interno e um ambiente hostil no mercado externo (dificuldade de exportar 30% da produ\u00e7\u00e3o) transformaram a matriz de Itapetinga em um grande dep\u00f3sito com caixas espalhadas por todo espa\u00e7o \u00fatil da f\u00e1brica.<\/p>\n<p>Dolar desvalorizado frente ao real, guerra fiscal entre os estados (vide Cear\u00e1 com pol\u00edtica de atra\u00e7\u00e3o de empresas), cobran\u00e7a dos acionistas por dividendos, falta de m\u00e3o de obra na regi\u00e3o para continuar expandindo a f\u00e1brica, s\u00e3o desafios que precisam ser enfrentados, por diretores, trabalhadores e autoridades.<\/p>\n<p>A maior empresa cal\u00e7adista brasileira tem uma import\u00e2ncia vital para a nossa micro-regi\u00e3o e a sua continuidade interessa a todos n\u00f3s. Os boatos que circulam na cidade de que a Azal\u00e9ia estaria de partida para a \u00cdndia ou Cear\u00e1, e que demitiria 5 mil funcion\u00e1rios n\u00e3o s\u00e3o verdadeiros. As dificuldades da Azal\u00e9ia est\u00e3o expostos neste artigo. Como podemos ajuda-la?<\/p>\n<p><em><strong>Por JOS\u00c9 ELIAS RIBEIRO<\/strong><\/em><\/p>\n","protected":false},"excerpt":{"rendered":"<p>O n\u00famero de faltas ao trabalho na matriz Azal\u00e9ia situa-se no patamar de 6%. Nas filias instaladas na micro-regi\u00e3o os trabalhadores que faltam ao trabalho s\u00e3o 2,5%, n\u00famero muito pr\u00f3ximo da m\u00e9dia das outras f\u00e1bricas do grupo. A quantidade de atestados m\u00e9dicos apresentados para justificar faltas ao trabalho s\u00e3o absurdamente altos se comparados com a [&hellip;]<\/p>\n","protected":false},"author":2,"featured_media":0,"comment_status":"open","ping_status":"open","sticky":false,"template":"","format":"standard","meta":{"footnotes":"","_links_to":"","_links_to_target":""},"categories":[1],"tags":[],"class_list":["post-4702","post","type-post","status-publish","format-standard","hentry","category-geral"],"views":1481,"_links":{"self":[{"href":"https:\/\/www.sudoestehoje.com.br\/novoportal\/wp-json\/wp\/v2\/posts\/4702","targetHints":{"allow":["GET"]}}],"collection":[{"href":"https:\/\/www.sudoestehoje.com.br\/novoportal\/wp-json\/wp\/v2\/posts"}],"about":[{"href":"https:\/\/www.sudoestehoje.com.br\/novoportal\/wp-json\/wp\/v2\/types\/post"}],"author":[{"embeddable":true,"href":"https:\/\/www.sudoestehoje.com.br\/novoportal\/wp-json\/wp\/v2\/users\/2"}],"replies":[{"embeddable":true,"href":"https:\/\/www.sudoestehoje.com.br\/novoportal\/wp-json\/wp\/v2\/comments?post=4702"}],"version-history":[{"count":3,"href":"https:\/\/www.sudoestehoje.com.br\/novoportal\/wp-json\/wp\/v2\/posts\/4702\/revisions"}],"predecessor-version":[{"id":4705,"href":"https:\/\/www.sudoestehoje.com.br\/novoportal\/wp-json\/wp\/v2\/posts\/4702\/revisions\/4705"}],"wp:attachment":[{"href":"https:\/\/www.sudoestehoje.com.br\/novoportal\/wp-json\/wp\/v2\/media?parent=4702"}],"wp:term":[{"taxonomy":"category","embeddable":true,"href":"https:\/\/www.sudoestehoje.com.br\/novoportal\/wp-json\/wp\/v2\/categories?post=4702"},{"taxonomy":"post_tag","embeddable":true,"href":"https:\/\/www.sudoestehoje.com.br\/novoportal\/wp-json\/wp\/v2\/tags?post=4702"}],"curies":[{"name":"wp","href":"https:\/\/api.w.org\/{rel}","templated":true}]}}