
{"id":46995,"date":"2015-02-23T17:06:19","date_gmt":"2015-02-23T20:06:19","guid":{"rendered":"http:\/\/www.sudoestehoje.com.br\/novoportal\/?p=46995"},"modified":"2015-02-23T21:06:17","modified_gmt":"2015-02-24T00:06:17","slug":"katia-espinheira-pode-ir-para-o-psd","status":"publish","type":"post","link":"https:\/\/www.sudoestehoje.com.br\/novoportal\/2015\/02\/23\/katia-espinheira-pode-ir-para-o-psd\/","title":{"rendered":"K\u00c1TIA ESPINHEIRA PODE IR PARA O PSD"},"content":{"rendered":"<p><a href=\"http:\/\/www.sudoestehoje.com.br\/novoportal\/wp-content\/uploads\/2015\/02\/katia-psd.jpg\"><img loading=\"lazy\" decoding=\"async\" class=\"aligncenter size-medium wp-image-46996\" src=\"http:\/\/www.sudoestehoje.com.br\/novoportal\/wp-content\/uploads\/2015\/02\/katia-psd-500x375.jpg\" alt=\"GEDSC DIGITAL CAMERA\" width=\"500\" height=\"375\" srcset=\"https:\/\/www.sudoestehoje.com.br\/novoportal\/wp-content\/uploads\/2015\/02\/katia-psd-500x375.jpg 500w, https:\/\/www.sudoestehoje.com.br\/novoportal\/wp-content\/uploads\/2015\/02\/katia-psd-150x112.jpg 150w, https:\/\/www.sudoestehoje.com.br\/novoportal\/wp-content\/uploads\/2015\/02\/katia-psd.jpg 640w\" sizes=\"auto, (max-width: 500px) 100vw, 500px\" \/><\/a><\/p>\n<p>ITAPETINGA: Depois de se aventurar por \u00e1guas nunca d&#8217;antes navegadas, a ex-michelista K\u00e1tia Espinheira deve desembarcar, com toda a sua tripula\u00e7\u00e3o, no PSD, partido comandado no estado pelo senador Otto Alencar, que faz parte da base do governo petista na Bahia.<\/p>\n<p>Embora K\u00e1tia venha guardando a sua filia\u00e7\u00e3o ao PSD debaixo de sete chaves, a informa\u00e7\u00e3o vazou de um gabinete da Assembl\u00e9ia Legislativa, confirmando que a articula\u00e7\u00e3o j\u00e1 vem sendo feita h\u00e1 algum tempo e o desfecho dever\u00e1 ser anunciado pelo pr\u00f3prio Otto Alencar, em data oportuna.<\/p>\n<p>\u00c9 bom lembrar que na elei\u00e7\u00e3o passada, K\u00e1tia comandou a campanha de Tim\u00f3teo Brito para deputado estadual do PSD em Itapetinga, dando a ele uma vota\u00e7\u00e3o bem abaixo do prometido, o que gerou boatos de que os dois sa\u00edram arranhados do processo eleitoral. Agora, com a informa\u00e7\u00e3o de que ela se filiar\u00e1 ao mesmo partido do ex-deputado, v\u00ea-se que houve uma reconcilia\u00e7\u00e3o.<\/p>\n<p>A nossa reportagem entrou em contato com o vereador Alfredo Cabral, maior lideran\u00e7a do PSD em Itapetinga, que nos informou n\u00e3o ter qualquer informa\u00e7\u00e3o sobre uma poss\u00edvel filia\u00e7\u00e3o de K\u00e1tia Espinheira ao seu partido, mas que se isto\u00a0ocorrer, ela ser\u00e1 bem-vinda \u00e0 agremia\u00e7\u00e3o.<\/p>\n<p>Se a filia\u00e7\u00e3o se confirmar, o eleitor de Itapetinga ter\u00e1 a oportunidade de ver K\u00e1tia e Z\u00e9 Carlos juntos, no mesmo palanque, em 2016. Todos felizes e sorridentes, como de costume&#8230;<\/p>\n<p><strong><em>Por Davi Ferraz\u00a0<\/em><\/strong><\/p>\n<p><img decoding=\"async\" class=\"aligncenter\" src=\"http:\/\/www.sudoestehoje.com.br\/novoportal\/wp-content\/uploads\/2014\/12\/skala-novo.jpg\" alt=\"skala novo\" \/><\/p>\n","protected":false},"excerpt":{"rendered":"<p>ITAPETINGA: Depois de se aventurar por \u00e1guas nunca d&#8217;antes navegadas, a ex-michelista K\u00e1tia Espinheira deve desembarcar, com toda a sua tripula\u00e7\u00e3o, no PSD, partido comandado no estado pelo senador Otto Alencar, que faz parte da base do governo petista na Bahia. Embora K\u00e1tia venha guardando a sua filia\u00e7\u00e3o ao PSD debaixo de sete chaves, a [&hellip;]<\/p>\n","protected":false},"author":2,"featured_media":0,"comment_status":"open","ping_status":"open","sticky":false,"template":"","format":"standard","meta":{"footnotes":"","_links_to":"","_links_to_target":""},"categories":[1],"tags":[],"class_list":["post-46995","post","type-post","status-publish","format-standard","hentry","category-geral"],"views":1277,"_links":{"self":[{"href":"https:\/\/www.sudoestehoje.com.br\/novoportal\/wp-json\/wp\/v2\/posts\/46995","targetHints":{"allow":["GET"]}}],"collection":[{"href":"https:\/\/www.sudoestehoje.com.br\/novoportal\/wp-json\/wp\/v2\/posts"}],"about":[{"href":"https:\/\/www.sudoestehoje.com.br\/novoportal\/wp-json\/wp\/v2\/types\/post"}],"author":[{"embeddable":true,"href":"https:\/\/www.sudoestehoje.com.br\/novoportal\/wp-json\/wp\/v2\/users\/2"}],"replies":[{"embeddable":true,"href":"https:\/\/www.sudoestehoje.com.br\/novoportal\/wp-json\/wp\/v2\/comments?post=46995"}],"version-history":[{"count":4,"href":"https:\/\/www.sudoestehoje.com.br\/novoportal\/wp-json\/wp\/v2\/posts\/46995\/revisions"}],"predecessor-version":[{"id":47008,"href":"https:\/\/www.sudoestehoje.com.br\/novoportal\/wp-json\/wp\/v2\/posts\/46995\/revisions\/47008"}],"wp:attachment":[{"href":"https:\/\/www.sudoestehoje.com.br\/novoportal\/wp-json\/wp\/v2\/media?parent=46995"}],"wp:term":[{"taxonomy":"category","embeddable":true,"href":"https:\/\/www.sudoestehoje.com.br\/novoportal\/wp-json\/wp\/v2\/categories?post=46995"},{"taxonomy":"post_tag","embeddable":true,"href":"https:\/\/www.sudoestehoje.com.br\/novoportal\/wp-json\/wp\/v2\/tags?post=46995"}],"curies":[{"name":"wp","href":"https:\/\/api.w.org\/{rel}","templated":true}]}}