
{"id":46987,"date":"2015-02-22T20:53:51","date_gmt":"2015-02-22T23:53:51","guid":{"rendered":"http:\/\/www.sudoestehoje.com.br\/novoportal\/?p=46987"},"modified":"2015-02-23T21:07:46","modified_gmt":"2015-02-24T00:07:46","slug":"menores-sao-apreendidos-porque-estavam-pescando-na-lagoa","status":"publish","type":"post","link":"https:\/\/www.sudoestehoje.com.br\/novoportal\/2015\/02\/22\/menores-sao-apreendidos-porque-estavam-pescando-na-lagoa\/","title":{"rendered":"ABSURDO! MENORES S\u00c3O APREENDIDOS PORQUE ESTAVAM PESCANDO NA LAGOA"},"content":{"rendered":"<div id=\"attachment_46988\" style=\"width: 510px\" class=\"wp-caption aligncenter\"><a href=\"http:\/\/www.sudoestehoje.com.br\/novoportal\/wp-content\/uploads\/2015\/02\/menores-na-lagoa.jpg\"><img loading=\"lazy\" decoding=\"async\" aria-describedby=\"caption-attachment-46988\" class=\"size-full wp-image-46988\" src=\"http:\/\/www.sudoestehoje.com.br\/novoportal\/wp-content\/uploads\/2015\/02\/menores-na-lagoa.jpg\" alt=\"Foto e informa\u00e7\u00f5es do blog Itapetinga Rep\u00f3rter. \" width=\"500\" height=\"299\" srcset=\"https:\/\/www.sudoestehoje.com.br\/novoportal\/wp-content\/uploads\/2015\/02\/menores-na-lagoa.jpg 500w, https:\/\/www.sudoestehoje.com.br\/novoportal\/wp-content\/uploads\/2015\/02\/menores-na-lagoa-150x89.jpg 150w\" sizes=\"auto, (max-width: 500px) 100vw, 500px\" \/><\/a><p id=\"caption-attachment-46988\" class=\"wp-caption-text\">Foto e informa\u00e7\u00f5es do blog Itapetinga Rep\u00f3rter.<\/p><\/div>\n<p>Li agora em um blog policial, que tr\u00eas adolescentes pobres foram apreendidos no Parque Poliesportivo da Lagoa, neste domingo, porque estariam &#8216;praticando furtos&#8217;.<\/p>\n<p>A primeira ideia que eu tive, foi de que os meninos estavam furtando pertences de algum frequentador da lagoa, mas me assustei quando constatei que eles estavam apenas pescando de anz\u00f3is, alguns peixes da lagoa, talvez para matar a fome.<\/p>\n<p>Por esta simples raz\u00e3o, os nossos diligentes guardas municipais encostaram os meninos contra a parede, feito delinquentes, revistaram-nos, tomaram os anz\u00f3is e os peixes e os conduziram no cambur\u00e3o para o Conselho Tutelar, depois de fazerem pose para o blog, feito &#8216;her\u00f3is&#8217;.<\/p>\n<p>N\u00e3o creio que esta seja a melhor maneira de lidar com menores, pois pescar na lagoa n\u00e3o \u00e9 nenhum crime previsto em lei e o espa\u00e7o \u00e9 p\u00fablico. Desafio quem apresente uma norma legal que pro\u00edba essa pr\u00e1tica. Bastava uma boa conversa para os meninos irem para suas casa, e tudo estaria resolvido.<\/p>\n<p>\u00c9 bom lembrar aos nossos GMs, que eles n\u00e3o s\u00e3o policiais e n\u00e3o precisam agir com trucul\u00eancia para mostrar servi\u00e7o e exercer suas dignas fun\u00e7\u00f5es.<\/p>\n<p>Na minha concep\u00e7\u00e3o, isto a\u00ed se trata de constrangimento ilegal e viol\u00eancia contra menores, suscept\u00edvel de den\u00fancia na Vara da Inf\u00e2ncia e Juventude.<\/p>\n<p><strong><em>Por Davi Ferraz\u00a0<\/em><\/strong><\/p>\n<p><img decoding=\"async\" class=\"aligncenter\" src=\"http:\/\/www.sudoestehoje.com.br\/novoportal\/wp-content\/uploads\/2014\/07\/Feira-do-Lar-1.png\" alt=\"Feira-do-Lar (1)\" \/><\/p>\n","protected":false},"excerpt":{"rendered":"<p>Li agora em um blog policial, que tr\u00eas adolescentes pobres foram apreendidos no Parque Poliesportivo da Lagoa, neste domingo, porque estariam &#8216;praticando furtos&#8217;. A primeira ideia que eu tive, foi de que os meninos estavam furtando pertences de algum frequentador da lagoa, mas me assustei quando constatei que eles estavam apenas pescando de anz\u00f3is, alguns [&hellip;]<\/p>\n","protected":false},"author":2,"featured_media":46988,"comment_status":"open","ping_status":"open","sticky":false,"template":"","format":"standard","meta":{"footnotes":"","_links_to":"","_links_to_target":""},"categories":[1],"tags":[],"class_list":["post-46987","post","type-post","status-publish","format-standard","has-post-thumbnail","hentry","category-geral"],"views":1287,"_links":{"self":[{"href":"https:\/\/www.sudoestehoje.com.br\/novoportal\/wp-json\/wp\/v2\/posts\/46987","targetHints":{"allow":["GET"]}}],"collection":[{"href":"https:\/\/www.sudoestehoje.com.br\/novoportal\/wp-json\/wp\/v2\/posts"}],"about":[{"href":"https:\/\/www.sudoestehoje.com.br\/novoportal\/wp-json\/wp\/v2\/types\/post"}],"author":[{"embeddable":true,"href":"https:\/\/www.sudoestehoje.com.br\/novoportal\/wp-json\/wp\/v2\/users\/2"}],"replies":[{"embeddable":true,"href":"https:\/\/www.sudoestehoje.com.br\/novoportal\/wp-json\/wp\/v2\/comments?post=46987"}],"version-history":[{"count":7,"href":"https:\/\/www.sudoestehoje.com.br\/novoportal\/wp-json\/wp\/v2\/posts\/46987\/revisions"}],"predecessor-version":[{"id":47009,"href":"https:\/\/www.sudoestehoje.com.br\/novoportal\/wp-json\/wp\/v2\/posts\/46987\/revisions\/47009"}],"wp:featuredmedia":[{"embeddable":true,"href":"https:\/\/www.sudoestehoje.com.br\/novoportal\/wp-json\/wp\/v2\/media\/46988"}],"wp:attachment":[{"href":"https:\/\/www.sudoestehoje.com.br\/novoportal\/wp-json\/wp\/v2\/media?parent=46987"}],"wp:term":[{"taxonomy":"category","embeddable":true,"href":"https:\/\/www.sudoestehoje.com.br\/novoportal\/wp-json\/wp\/v2\/categories?post=46987"},{"taxonomy":"post_tag","embeddable":true,"href":"https:\/\/www.sudoestehoje.com.br\/novoportal\/wp-json\/wp\/v2\/tags?post=46987"}],"curies":[{"name":"wp","href":"https:\/\/api.w.org\/{rel}","templated":true}]}}