
{"id":46984,"date":"2015-02-22T18:33:05","date_gmt":"2015-02-22T21:33:05","guid":{"rendered":"http:\/\/www.sudoestehoje.com.br\/novoportal\/?p=46984"},"modified":"2015-02-22T18:33:05","modified_gmt":"2015-02-22T21:33:05","slug":"itapetinga-sem-sinal-da-tv-sudoeste-3","status":"publish","type":"post","link":"https:\/\/www.sudoestehoje.com.br\/novoportal\/2015\/02\/22\/itapetinga-sem-sinal-da-tv-sudoeste-3\/","title":{"rendered":"ITAPETINGA SEM SINAL DA TV SUDOESTE"},"content":{"rendered":"<p><a href=\"http:\/\/www.sudoestehoje.com.br\/novoportal\/wp-content\/uploads\/2015\/02\/rede-globo-nao1.jpg\"><img loading=\"lazy\" decoding=\"async\" class=\"aligncenter  wp-image-46985\" src=\"http:\/\/www.sudoestehoje.com.br\/novoportal\/wp-content\/uploads\/2015\/02\/rede-globo-nao1.jpg\" alt=\"rede-globo-nao1\" width=\"501\" height=\"376\" srcset=\"https:\/\/www.sudoestehoje.com.br\/novoportal\/wp-content\/uploads\/2015\/02\/rede-globo-nao1.jpg 400w, https:\/\/www.sudoestehoje.com.br\/novoportal\/wp-content\/uploads\/2015\/02\/rede-globo-nao1-150x112.jpg 150w\" sizes=\"auto, (max-width: 501px) 100vw, 501px\" \/><\/a><\/p>\n<p>A partir do meio dia deste domingo, o sinal digital da Tv Sudoeste saiu do ar e n\u00e3o mais retornou. Como a manuten\u00e7\u00e3o \u00e9 dada por t\u00e9cnicos da pr\u00f3pria emissora, a partir de Vit\u00f3ria da Conquista, n\u00e3o h\u00e1 previs\u00e3o para o restabelecimento do sinal.<\/p>\n<p>At\u00e9 l\u00e1, quem n\u00e3o tiver antena parab\u00f3lica ou TV a cabo, vai passar a noite contando carneirinhos&#8230;<\/p>\n<p><strong><em>Por Davi Ferraz<\/em><\/strong><\/p>\n","protected":false},"excerpt":{"rendered":"<p>A partir do meio dia deste domingo, o sinal digital da Tv Sudoeste saiu do ar e n\u00e3o mais retornou. Como a manuten\u00e7\u00e3o \u00e9 dada por t\u00e9cnicos da pr\u00f3pria emissora, a partir de Vit\u00f3ria da Conquista, n\u00e3o h\u00e1 previs\u00e3o para o restabelecimento do sinal. At\u00e9 l\u00e1, quem n\u00e3o tiver antena parab\u00f3lica ou TV a cabo, [&hellip;]<\/p>\n","protected":false},"author":2,"featured_media":0,"comment_status":"open","ping_status":"open","sticky":false,"template":"","format":"standard","meta":{"footnotes":"","_links_to":"","_links_to_target":""},"categories":[1],"tags":[],"class_list":["post-46984","post","type-post","status-publish","format-standard","hentry","category-geral"],"views":2762,"_links":{"self":[{"href":"https:\/\/www.sudoestehoje.com.br\/novoportal\/wp-json\/wp\/v2\/posts\/46984","targetHints":{"allow":["GET"]}}],"collection":[{"href":"https:\/\/www.sudoestehoje.com.br\/novoportal\/wp-json\/wp\/v2\/posts"}],"about":[{"href":"https:\/\/www.sudoestehoje.com.br\/novoportal\/wp-json\/wp\/v2\/types\/post"}],"author":[{"embeddable":true,"href":"https:\/\/www.sudoestehoje.com.br\/novoportal\/wp-json\/wp\/v2\/users\/2"}],"replies":[{"embeddable":true,"href":"https:\/\/www.sudoestehoje.com.br\/novoportal\/wp-json\/wp\/v2\/comments?post=46984"}],"version-history":[{"count":1,"href":"https:\/\/www.sudoestehoje.com.br\/novoportal\/wp-json\/wp\/v2\/posts\/46984\/revisions"}],"predecessor-version":[{"id":46986,"href":"https:\/\/www.sudoestehoje.com.br\/novoportal\/wp-json\/wp\/v2\/posts\/46984\/revisions\/46986"}],"wp:attachment":[{"href":"https:\/\/www.sudoestehoje.com.br\/novoportal\/wp-json\/wp\/v2\/media?parent=46984"}],"wp:term":[{"taxonomy":"category","embeddable":true,"href":"https:\/\/www.sudoestehoje.com.br\/novoportal\/wp-json\/wp\/v2\/categories?post=46984"},{"taxonomy":"post_tag","embeddable":true,"href":"https:\/\/www.sudoestehoje.com.br\/novoportal\/wp-json\/wp\/v2\/tags?post=46984"}],"curies":[{"name":"wp","href":"https:\/\/api.w.org\/{rel}","templated":true}]}}