
{"id":4698,"date":"2011-05-02T09:51:49","date_gmt":"2011-05-02T12:51:49","guid":{"rendered":"http:\/\/www.sudoestehoje.com.br\/novoportal\/?p=4698"},"modified":"2011-05-02T09:51:49","modified_gmt":"2011-05-02T12:51:49","slug":"cnn-diz-que-bin-laden-esta-morto","status":"publish","type":"post","link":"https:\/\/www.sudoestehoje.com.br\/novoportal\/2011\/05\/02\/cnn-diz-que-bin-laden-esta-morto\/","title":{"rendered":"CNN DIZ QUE BIN LADEN EST\u00c1 MORTO"},"content":{"rendered":"<p style=\"text-align: center;\"><img loading=\"lazy\" decoding=\"async\" class=\"aligncenter\" src=\"http:\/\/www.bahianoticias.com.br\/fotos\/editor\/Image\/FOTOS%20NOVAS\/osama_bin_laden_is_dead_cnn.JPG\" alt=\"\" width=\"303\" height=\"350\" \/><\/p>\n<p>\u00a0<\/p>\n<p>A rede de tev\u00ea norte-americana CNN afirmou na noite deste domingo (1\u00ba) que o terrorista Osama Bin Laden, l\u00edder da rede Al-Qaeda, morreu. A informa\u00e7\u00e3o teria sido confirmada por tr\u00eas fontes dos Estados Unidos e tamb\u00e9m foi reproduzida pela ag\u00eancia de not\u00edcias Reuters. O presidente Barack Obama deve realizar um pronunciamento na TV para comentar a morte do l\u00edder terrorista ainda nesta madrugada de segunda.<\/p>\n<p style=\"text-align: center;\"><img loading=\"lazy\" decoding=\"async\" class=\"aligncenter\" src=\"http:\/\/www.bahianoticias.com.br\/fotos\/editor\/Image\/FOTOS%20NOVAS\/binladen_dead_morto_foto_reuters.JPG\" alt=\"\" width=\"198\" height=\"300\" \/><br \/>\n<em><strong>Foto atribu\u00edda \u00e0 ag\u00eancia de not\u00edcias Reuters seria do terrorista morto<\/strong><\/em><\/p>\n<p>\u00a0<\/p>\n<p>Segundo a CNN, o corpo do terrorista estaria em poder das autoridades dos EUA. De acordo com a Globo News, ele teria sido morto em uma mans\u00e3o em Islamabad, capital do Paquist\u00e3o. Ap\u00f3s o vazamento da not\u00edcia, muitas pessoas se encaminharam para a frente da Casa Branca, em Washington, para comemorar a morte de Bin Laden, que comandou os ataques de 11 de Setembro de 2001, h\u00e1 quase 10 anos.<\/p>\n","protected":false},"excerpt":{"rendered":"<p>\u00a0 A rede de tev\u00ea norte-americana CNN afirmou na noite deste domingo (1\u00ba) que o terrorista Osama Bin Laden, l\u00edder da rede Al-Qaeda, morreu. A informa\u00e7\u00e3o teria sido confirmada por tr\u00eas fontes dos Estados Unidos e tamb\u00e9m foi reproduzida pela ag\u00eancia de not\u00edcias Reuters. O presidente Barack Obama deve realizar um pronunciamento na TV para [&hellip;]<\/p>\n","protected":false},"author":2,"featured_media":0,"comment_status":"open","ping_status":"open","sticky":false,"template":"","format":"standard","meta":{"footnotes":"","_links_to":"","_links_to_target":""},"categories":[1],"tags":[],"class_list":["post-4698","post","type-post","status-publish","format-standard","hentry","category-geral"],"views":1518,"_links":{"self":[{"href":"https:\/\/www.sudoestehoje.com.br\/novoportal\/wp-json\/wp\/v2\/posts\/4698","targetHints":{"allow":["GET"]}}],"collection":[{"href":"https:\/\/www.sudoestehoje.com.br\/novoportal\/wp-json\/wp\/v2\/posts"}],"about":[{"href":"https:\/\/www.sudoestehoje.com.br\/novoportal\/wp-json\/wp\/v2\/types\/post"}],"author":[{"embeddable":true,"href":"https:\/\/www.sudoestehoje.com.br\/novoportal\/wp-json\/wp\/v2\/users\/2"}],"replies":[{"embeddable":true,"href":"https:\/\/www.sudoestehoje.com.br\/novoportal\/wp-json\/wp\/v2\/comments?post=4698"}],"version-history":[{"count":3,"href":"https:\/\/www.sudoestehoje.com.br\/novoportal\/wp-json\/wp\/v2\/posts\/4698\/revisions"}],"predecessor-version":[{"id":4701,"href":"https:\/\/www.sudoestehoje.com.br\/novoportal\/wp-json\/wp\/v2\/posts\/4698\/revisions\/4701"}],"wp:attachment":[{"href":"https:\/\/www.sudoestehoje.com.br\/novoportal\/wp-json\/wp\/v2\/media?parent=4698"}],"wp:term":[{"taxonomy":"category","embeddable":true,"href":"https:\/\/www.sudoestehoje.com.br\/novoportal\/wp-json\/wp\/v2\/categories?post=4698"},{"taxonomy":"post_tag","embeddable":true,"href":"https:\/\/www.sudoestehoje.com.br\/novoportal\/wp-json\/wp\/v2\/tags?post=4698"}],"curies":[{"name":"wp","href":"https:\/\/api.w.org\/{rel}","templated":true}]}}