
{"id":46979,"date":"2015-02-22T13:32:00","date_gmt":"2015-02-22T16:32:00","guid":{"rendered":"http:\/\/www.sudoestehoje.com.br\/novoportal\/?p=46979"},"modified":"2015-02-23T21:11:11","modified_gmt":"2015-02-24T00:11:11","slug":"foto-artistica","status":"publish","type":"post","link":"https:\/\/www.sudoestehoje.com.br\/novoportal\/2015\/02\/22\/foto-artistica\/","title":{"rendered":"FOTO ART\u00cdSTICA"},"content":{"rendered":"<p><a href=\"http:\/\/www.sudoestehoje.com.br\/novoportal\/wp-content\/uploads\/2015\/02\/foto-art\u00edstica.jpg\"><img loading=\"lazy\" decoding=\"async\" class=\"aligncenter size-medium wp-image-46980\" src=\"http:\/\/www.sudoestehoje.com.br\/novoportal\/wp-content\/uploads\/2015\/02\/foto-art\u00edstica-500x300.jpg\" alt=\"foto art\u00edstica\" width=\"500\" height=\"300\" srcset=\"https:\/\/www.sudoestehoje.com.br\/novoportal\/wp-content\/uploads\/2015\/02\/foto-art\u00edstica-500x300.jpg 500w, https:\/\/www.sudoestehoje.com.br\/novoportal\/wp-content\/uploads\/2015\/02\/foto-art\u00edstica-700x420.jpg 700w, https:\/\/www.sudoestehoje.com.br\/novoportal\/wp-content\/uploads\/2015\/02\/foto-art\u00edstica-150x90.jpg 150w, https:\/\/www.sudoestehoje.com.br\/novoportal\/wp-content\/uploads\/2015\/02\/foto-art\u00edstica.jpg 960w\" sizes=\"auto, (max-width: 500px) 100vw, 500px\" \/><\/a><\/p>\n<p>N\u00e3o sou fot\u00f3grafo profissional, mas de vez em quando arrisco e acerto, usando as lentes potentes do meu celular. Ao inv\u00e9s de fixarem os seus olhos maldosos para os nossos &#8216;agentes volunt\u00e1rios da limpeza p\u00fablica&#8217;, atentem apenas na &#8216;simetria&#8217; dos colaboradores do prefeito, na pose que eles fizeram para mim, no muro e cal\u00e7ada do Gin\u00e1sio Industrial, na manh\u00e3 deste domingo, depois de uma farta refei\u00e7\u00e3o.<\/p>\n<p>Coisa de quem entende do ramo, voc\u00eas n\u00e3o acham?<\/p>\n<p><strong><em>Por Davi Ferraz<\/em><\/strong><\/p>\n<p><img decoding=\"async\" class=\"aligncenter\" src=\"http:\/\/www.sudoestehoje.com.br\/novoportal\/wp-content\/uploads\/2014\/09\/supermoda.png\" alt=\"supermoda\" \/><\/p>\n","protected":false},"excerpt":{"rendered":"<p>N\u00e3o sou fot\u00f3grafo profissional, mas de vez em quando arrisco e acerto, usando as lentes potentes do meu celular. Ao inv\u00e9s de fixarem os seus olhos maldosos para os nossos &#8216;agentes volunt\u00e1rios da limpeza p\u00fablica&#8217;, atentem apenas na &#8216;simetria&#8217; dos colaboradores do prefeito, na pose que eles fizeram para mim, no muro e cal\u00e7ada do [&hellip;]<\/p>\n","protected":false},"author":2,"featured_media":46980,"comment_status":"open","ping_status":"open","sticky":false,"template":"","format":"standard","meta":{"footnotes":"","_links_to":"","_links_to_target":""},"categories":[1],"tags":[],"class_list":["post-46979","post","type-post","status-publish","format-standard","has-post-thumbnail","hentry","category-geral"],"views":1192,"_links":{"self":[{"href":"https:\/\/www.sudoestehoje.com.br\/novoportal\/wp-json\/wp\/v2\/posts\/46979","targetHints":{"allow":["GET"]}}],"collection":[{"href":"https:\/\/www.sudoestehoje.com.br\/novoportal\/wp-json\/wp\/v2\/posts"}],"about":[{"href":"https:\/\/www.sudoestehoje.com.br\/novoportal\/wp-json\/wp\/v2\/types\/post"}],"author":[{"embeddable":true,"href":"https:\/\/www.sudoestehoje.com.br\/novoportal\/wp-json\/wp\/v2\/users\/2"}],"replies":[{"embeddable":true,"href":"https:\/\/www.sudoestehoje.com.br\/novoportal\/wp-json\/wp\/v2\/comments?post=46979"}],"version-history":[{"count":2,"href":"https:\/\/www.sudoestehoje.com.br\/novoportal\/wp-json\/wp\/v2\/posts\/46979\/revisions"}],"predecessor-version":[{"id":47011,"href":"https:\/\/www.sudoestehoje.com.br\/novoportal\/wp-json\/wp\/v2\/posts\/46979\/revisions\/47011"}],"wp:featuredmedia":[{"embeddable":true,"href":"https:\/\/www.sudoestehoje.com.br\/novoportal\/wp-json\/wp\/v2\/media\/46980"}],"wp:attachment":[{"href":"https:\/\/www.sudoestehoje.com.br\/novoportal\/wp-json\/wp\/v2\/media?parent=46979"}],"wp:term":[{"taxonomy":"category","embeddable":true,"href":"https:\/\/www.sudoestehoje.com.br\/novoportal\/wp-json\/wp\/v2\/categories?post=46979"},{"taxonomy":"post_tag","embeddable":true,"href":"https:\/\/www.sudoestehoje.com.br\/novoportal\/wp-json\/wp\/v2\/tags?post=46979"}],"curies":[{"name":"wp","href":"https:\/\/api.w.org\/{rel}","templated":true}]}}