
{"id":46974,"date":"2015-02-22T13:15:45","date_gmt":"2015-02-22T16:15:45","guid":{"rendered":"http:\/\/www.sudoestehoje.com.br\/novoportal\/?p=46974"},"modified":"2015-02-23T21:09:56","modified_gmt":"2015-02-24T00:09:56","slug":"lixo-na-rua-do-prefeito","status":"publish","type":"post","link":"https:\/\/www.sudoestehoje.com.br\/novoportal\/2015\/02\/22\/lixo-na-rua-do-prefeito\/","title":{"rendered":"LIXO NA RUA DO PREFEITO"},"content":{"rendered":"<div id=\"attachment_46975\" style=\"width: 510px\" class=\"wp-caption aligncenter\"><a href=\"http:\/\/www.sudoestehoje.com.br\/novoportal\/wp-content\/uploads\/2015\/02\/lixo-recanto.jpg\"><img loading=\"lazy\" decoding=\"async\" aria-describedby=\"caption-attachment-46975\" class=\"size-medium wp-image-46975\" src=\"http:\/\/www.sudoestehoje.com.br\/novoportal\/wp-content\/uploads\/2015\/02\/lixo-recanto-500x300.jpg\" alt=\"Lixo jogado ao lado da casa do prefeito Z\u00e9 Carlos ficou uma semana sem ser recolhido.\" width=\"500\" height=\"300\" srcset=\"https:\/\/www.sudoestehoje.com.br\/novoportal\/wp-content\/uploads\/2015\/02\/lixo-recanto-500x300.jpg 500w, https:\/\/www.sudoestehoje.com.br\/novoportal\/wp-content\/uploads\/2015\/02\/lixo-recanto-700x420.jpg 700w, https:\/\/www.sudoestehoje.com.br\/novoportal\/wp-content\/uploads\/2015\/02\/lixo-recanto-150x90.jpg 150w, https:\/\/www.sudoestehoje.com.br\/novoportal\/wp-content\/uploads\/2015\/02\/lixo-recanto.jpg 960w\" sizes=\"auto, (max-width: 500px) 100vw, 500px\" \/><\/a><p id=\"caption-attachment-46975\" class=\"wp-caption-text\">Lixo jogado ao lado da casa do prefeito Z\u00e9 Carlos ficou uma semana sem ser recolhido.<\/p><\/div>\n<p>Em Itapetinga, nem a rua do prefeito escapa da sujeira. Neste s\u00e1bado (21), flagramos um monte de lixo jogado ao lado da casa do nosso despreocupado alcaide, no Recanto da Colina. Como o bairro \u00e9 &#8216;chique&#8217; e as sacolas eram do Rondelli, presumi que o lixo pode ter vindo da casa de algum rico, morador das proximidades.<\/p>\n<p>J\u00e1 que as ruas do Recanto da Colina n\u00e3o recebem a aten\u00e7\u00e3o dos garis da prefeitura, embora a coleta seja regular, mandei retirar a sujeira, pois, afinal de contas, tamb\u00e9m sou morador da rua e o meu ilustre vizinho estava muito &#8216;ocupado&#8217; para se preocupar com coisa t\u00e3o banal.<\/p>\n<p>Uma dica: tinha muitas latinhas de Skol nas sacolas de lixo. Algu\u00e9m arrisca um palpite?<\/p>\n<p><strong><em>Por Davi Ferraz<\/em><\/strong><\/p>\n<p><img decoding=\"async\" class=\"aligncenter\" src=\"http:\/\/www.sudoestehoje.com.br\/novoportal\/wp-content\/uploads\/2015\/02\/NOVO-BANNER-COOLEITE-500x250.jpg\" alt=\"NOVO BANNER COOLEITE\" \/><\/p>\n","protected":false},"excerpt":{"rendered":"<p>Em Itapetinga, nem a rua do prefeito escapa da sujeira. Neste s\u00e1bado (21), flagramos um monte de lixo jogado ao lado da casa do nosso despreocupado alcaide, no Recanto da Colina. Como o bairro \u00e9 &#8216;chique&#8217; e as sacolas eram do Rondelli, presumi que o lixo pode ter vindo da casa de algum rico, morador [&hellip;]<\/p>\n","protected":false},"author":2,"featured_media":46975,"comment_status":"open","ping_status":"open","sticky":false,"template":"","format":"standard","meta":{"footnotes":"","_links_to":"","_links_to_target":""},"categories":[1],"tags":[],"class_list":["post-46974","post","type-post","status-publish","format-standard","has-post-thumbnail","hentry","category-geral"],"views":1398,"_links":{"self":[{"href":"https:\/\/www.sudoestehoje.com.br\/novoportal\/wp-json\/wp\/v2\/posts\/46974","targetHints":{"allow":["GET"]}}],"collection":[{"href":"https:\/\/www.sudoestehoje.com.br\/novoportal\/wp-json\/wp\/v2\/posts"}],"about":[{"href":"https:\/\/www.sudoestehoje.com.br\/novoportal\/wp-json\/wp\/v2\/types\/post"}],"author":[{"embeddable":true,"href":"https:\/\/www.sudoestehoje.com.br\/novoportal\/wp-json\/wp\/v2\/users\/2"}],"replies":[{"embeddable":true,"href":"https:\/\/www.sudoestehoje.com.br\/novoportal\/wp-json\/wp\/v2\/comments?post=46974"}],"version-history":[{"count":5,"href":"https:\/\/www.sudoestehoje.com.br\/novoportal\/wp-json\/wp\/v2\/posts\/46974\/revisions"}],"predecessor-version":[{"id":47010,"href":"https:\/\/www.sudoestehoje.com.br\/novoportal\/wp-json\/wp\/v2\/posts\/46974\/revisions\/47010"}],"wp:featuredmedia":[{"embeddable":true,"href":"https:\/\/www.sudoestehoje.com.br\/novoportal\/wp-json\/wp\/v2\/media\/46975"}],"wp:attachment":[{"href":"https:\/\/www.sudoestehoje.com.br\/novoportal\/wp-json\/wp\/v2\/media?parent=46974"}],"wp:term":[{"taxonomy":"category","embeddable":true,"href":"https:\/\/www.sudoestehoje.com.br\/novoportal\/wp-json\/wp\/v2\/categories?post=46974"},{"taxonomy":"post_tag","embeddable":true,"href":"https:\/\/www.sudoestehoje.com.br\/novoportal\/wp-json\/wp\/v2\/tags?post=46974"}],"curies":[{"name":"wp","href":"https:\/\/api.w.org\/{rel}","templated":true}]}}