
{"id":46966,"date":"2015-02-20T18:42:06","date_gmt":"2015-02-20T21:42:06","guid":{"rendered":"http:\/\/www.sudoestehoje.com.br\/novoportal\/?p=46966"},"modified":"2015-02-20T19:00:21","modified_gmt":"2015-02-20T22:00:21","slug":"conquista-tre-julga-pedido-de-cassacao-de-guilherme-na-terca","status":"publish","type":"post","link":"https:\/\/www.sudoestehoje.com.br\/novoportal\/2015\/02\/20\/conquista-tre-julga-pedido-de-cassacao-de-guilherme-na-terca\/","title":{"rendered":"CONQUISTA: TRE JULGA PEDIDO DE CASSA\u00c7\u00c3O DE GUILHERME NA TER\u00c7A"},"content":{"rendered":"<p><a href=\"http:\/\/www.sudoestehoje.com.br\/novoportal\/wp-content\/uploads\/2015\/02\/GUIL-X-hERZEM.jpg\"><img loading=\"lazy\" decoding=\"async\" class=\"aligncenter  wp-image-46967\" src=\"http:\/\/www.sudoestehoje.com.br\/novoportal\/wp-content\/uploads\/2015\/02\/GUIL-X-hERZEM.jpg\" alt=\"GUIL X hERZEM\" width=\"501\" height=\"335\" srcset=\"https:\/\/www.sudoestehoje.com.br\/novoportal\/wp-content\/uploads\/2015\/02\/GUIL-X-hERZEM.jpg 420w, https:\/\/www.sudoestehoje.com.br\/novoportal\/wp-content\/uploads\/2015\/02\/GUIL-X-hERZEM-150x100.jpg 150w\" sizes=\"auto, (max-width: 501px) 100vw, 501px\" \/><\/a><\/p>\n<p>No voto popular, o prefeito Guilherme Menezes de Andrade (PT) conseguiu a reelei\u00e7\u00e3o no segundo turno das elei\u00e7\u00f5es municipais de 2012, mas o radialista Herzem Gusm\u00e3o Pereira (PMDB) segue na disputa judicial para chegar \u00e0 Prefeitura Municipal de Vit\u00f3ria da Conquista.<\/p>\n<p><a href=\"http:\/\/www.blogdoanderson.com\/2014\/07\/29\/eleicoes-2012-justica-indefere-processo-de-herzem-gusmao-contra-guilherme-e-joas-meira\/\" target=\"_blank\">Ap\u00f3s ser indeferido na Justi\u00e7a Eleitoral de Vit\u00f3ria da Conquista<\/a>, o assunto ser\u00e1 pautado no Tribunal Regional Eleitoral do Estado da Bahia (TRE-BA), em Salvador, na pr\u00f3xima ter\u00e7a-feira (24).<\/p>\n<p>De acordo com o advogado do peemedebista, Ademir Ismerim Medina, o abuso econ\u00f4mico, capta\u00e7\u00e3o il\u00edcita de sufr\u00e1gio e outras condutas vedadas praticadas est\u00e3o entre os itens denunciados. Blog do Anderson<\/p>\n<p><img decoding=\"async\" class=\"aligncenter\" src=\"http:\/\/www.sudoestehoje.com.br\/novoportal\/wp-content\/uploads\/2015\/01\/papel-500x185.png\" alt=\"papel\" \/><\/p>\n","protected":false},"excerpt":{"rendered":"<p>No voto popular, o prefeito Guilherme Menezes de Andrade (PT) conseguiu a reelei\u00e7\u00e3o no segundo turno das elei\u00e7\u00f5es municipais de 2012, mas o radialista Herzem Gusm\u00e3o Pereira (PMDB) segue na disputa judicial para chegar \u00e0 Prefeitura Municipal de Vit\u00f3ria da Conquista. Ap\u00f3s ser indeferido na Justi\u00e7a Eleitoral de Vit\u00f3ria da Conquista, o assunto ser\u00e1 pautado [&hellip;]<\/p>\n","protected":false},"author":2,"featured_media":0,"comment_status":"open","ping_status":"open","sticky":false,"template":"","format":"standard","meta":{"footnotes":"","_links_to":"","_links_to_target":""},"categories":[1],"tags":[],"class_list":["post-46966","post","type-post","status-publish","format-standard","hentry","category-geral"],"views":1196,"_links":{"self":[{"href":"https:\/\/www.sudoestehoje.com.br\/novoportal\/wp-json\/wp\/v2\/posts\/46966","targetHints":{"allow":["GET"]}}],"collection":[{"href":"https:\/\/www.sudoestehoje.com.br\/novoportal\/wp-json\/wp\/v2\/posts"}],"about":[{"href":"https:\/\/www.sudoestehoje.com.br\/novoportal\/wp-json\/wp\/v2\/types\/post"}],"author":[{"embeddable":true,"href":"https:\/\/www.sudoestehoje.com.br\/novoportal\/wp-json\/wp\/v2\/users\/2"}],"replies":[{"embeddable":true,"href":"https:\/\/www.sudoestehoje.com.br\/novoportal\/wp-json\/wp\/v2\/comments?post=46966"}],"version-history":[{"count":2,"href":"https:\/\/www.sudoestehoje.com.br\/novoportal\/wp-json\/wp\/v2\/posts\/46966\/revisions"}],"predecessor-version":[{"id":46969,"href":"https:\/\/www.sudoestehoje.com.br\/novoportal\/wp-json\/wp\/v2\/posts\/46966\/revisions\/46969"}],"wp:attachment":[{"href":"https:\/\/www.sudoestehoje.com.br\/novoportal\/wp-json\/wp\/v2\/media?parent=46966"}],"wp:term":[{"taxonomy":"category","embeddable":true,"href":"https:\/\/www.sudoestehoje.com.br\/novoportal\/wp-json\/wp\/v2\/categories?post=46966"},{"taxonomy":"post_tag","embeddable":true,"href":"https:\/\/www.sudoestehoje.com.br\/novoportal\/wp-json\/wp\/v2\/tags?post=46966"}],"curies":[{"name":"wp","href":"https:\/\/api.w.org\/{rel}","templated":true}]}}